  {"id":12192,"date":"2023-01-05T11:54:00","date_gmt":"2023-01-05T16:54:00","guid":{"rendered":"https:\/\/iatse.net\/?p=12192"},"modified":"2023-01-09T11:56:08","modified_gmt":"2023-01-09T16:56:08","slug":"behind-the-scenes-charity-announces-mental-health-first-aid-and-bystander-intervention-training-dates","status":"publish","type":"post","link":"https:\/\/iatse.net\/fr\/behind-the-scenes-charity-announces-mental-health-first-aid-and-bystander-intervention-training-dates\/","title":{"rendered":"L'organisation caritative Behind the Scenes annonce les dates des formations au secourisme en sant\u00e9 mentale et \u00e0 l'intervention du t\u00e9moin."},"content":{"rendered":"<p>Devenez un secouriste certifi\u00e9 en sant\u00e9 mentale en 2023 et faites une r\u00e9elle diff\u00e9rence. Jouez un r\u00f4le actif en aidant \u00e0 prendre soin des personnes avec lesquelles vous travaillez. \u00c9largissez vos comp\u00e9tences en apprenant \u00e0 identifier, comprendre et r\u00e9pondre aux signes de d\u00e9tresse de vos coll\u00e8gues et contribuez \u00e0 faire de nos lieux de travail des espaces plus sains et plus s\u00fbrs pour tous. Vous serez en mesure d'utiliser les informations que vous aurez apprises tous les jours dans vos interactions avec vos coll\u00e8gues de travail ainsi qu'avec vos amis et votre famille.<\/p>\n\n\n\n<p>Les cours virtuels de premiers secours en sant\u00e9 mentale sont affich\u00e9s pour janvier et f\u00e9vrier \u00e0 l'adresse suivante <a href=\"http:\/\/btshelp.org\/mhfa\"><strong>btshelp.org\/mhfa<\/strong><\/a>. Le cours est dispens\u00e9 en deux parties. La premi\u00e8re est un cours en ligne \u00e0 rythme libre de 2 heures qui doit \u00eatre suivi avant une session virtuelle de 6 heures dirig\u00e9e par un instructeur.<\/p>\n\n\n\n<p>Les frais d'inscription sont de $125. Les membres de l'ºìÌÒÊÓÆµet les personnes travaillant dans le cadre d'accords de l'ºìÌÒÊÓÆµpeuvent b\u00e9n\u00e9ficier d'un remboursement du Fonds fiduciaire pour la formation sur pr\u00e9sentation d'une preuve de r\u00e9ussite du cours. Un nombre limit\u00e9 de bourses d'\u00e9tudes partielles et compl\u00e8tes sont disponibles pour les personnes ne pouvant pr\u00e9tendre \u00e0 un remboursement. Des cours priv\u00e9s en groupe de 15 \u00e0 20 personnes sont disponibles. <a href=\"mailto:mhfa@btshelp.org\">mhfa@btshelp.org<\/a> pour information. La formation pour les Canadiens est disponible aupr\u00e8s de l'AFC \u00e0 l'adresse suivante <a href=\"https:\/\/afchelps.ca\/mhfa\">https:\/\/afchelps.ca\/mhfa<\/a>.<\/p>\n\n\n\n<p><strong>L'intervention des t\u00e9moins dans le milieu du divertissement<\/strong><\/p>\n\n\n\n<p>Savez-vous comment intervenir en toute s\u00e9curit\u00e9 si vous voyez un coll\u00e8gue se faire intimider ou brimer ? Saviez-vous qu'il existe diff\u00e9rentes fa\u00e7ons d'intervenir en fonction de votre niveau de confort ? En seulement 90 minutes, vous apprendrez cinq outils facilement accessibles, illustr\u00e9s par des sc\u00e9narios pertinents, \u00e0 utiliser sur n'importe quel lieu de travail pour intervenir en toute s\u00e9curit\u00e9 sans craindre de repr\u00e9sailles. Le prochain webinaire gratuit aura lieu le lundi 6 f\u00e9vrier \u00e0 19 heures HNE. D'autres webinaires seront propos\u00e9s le 30 avril et le 17 juillet.<\/p>\n\n\n\n<p>Les webinaires sont gratuits mais l'inscription pr\u00e9alable est n\u00e9cessaire pour recevoir le login zoom. Veuillez visiter <a href=\"http:\/\/btshelp.org\/bystander\"><strong>btshelp.org\/bystander<\/strong><\/a> pour s\u00e9lectionner un lien d'inscription pour la date de votre choix.<\/p>\n\n\n\n<p>Les brimades, le harc\u00e8lement et l'intimidation sont des facteurs de stress courants sur le lieu de travail dans tous les secteurs de l'industrie du divertissement. Ces comportements cr\u00e9ent un lieu de travail physiquement et psychologiquement dangereux pour tous. Cette formation vous apprendra \u00e0 intervenir en toute s\u00e9curit\u00e9 et \u00e0 contribuer \u00e0 faire la diff\u00e9rence.<\/p>\n\n\n\n<p>Behind the Scenes s'associe \u00e0 Right To Be, une organisation de justice sociale sp\u00e9cialis\u00e9e dans l'\u00e9ducation en mati\u00e8re d'intimidation et de harc\u00e8lement, pour pr\u00e9senter ces webinaires gratuits. Le formateur principal de Right To Be, Dax Valdes, un professionnel exp\u00e9riment\u00e9 de l'industrie du divertissement, dirigera ces sessions interactives qui garantissent l'anonymat des participants.<\/p>\n\n\n\n<p>Ce webinaire est propos\u00e9 dans le cadre d'un programme continu \"<a href=\"https:\/\/wp.behindthescenescharity.org\/mental-health-and-suicide-prevention-initiative\/stop-bullying-harassment-and-intimidation\/\">Stop au harc\u00e8lement<\/a>\"de l'Initiative pour la sant\u00e9 mentale du BTS. Les ressources disponibles comprennent une s\u00e9rie d'affiches pour sensibiliser aux mots, aux actions et aux comportements qui constituent des brimades, du harc\u00e8lement ou de l'intimidation ; des informations pour les personnes qui sont les cibles ou les spectateurs de comportements de brimades ; des informations pour donner aux individus les moyens d'\u00eatre inform\u00e9s, d'\u00eatre conscients, de montrer leur soutien et d'agir ; et un exemple de politique et de proc\u00e9dures pour identifier, enqu\u00eater et r\u00e9soudre les cas de brimades, de harc\u00e8lement ou d'intimidation et pour fournir un soutien aux personnes qui subissent ces comportements.<\/p>\n\n\n\n<p>Visitez <a href=\"http:\/\/btshelp.org\/mentalhealth\">btshelp.org\/sant\u00e9 mentale<\/a> pour voir tous les outils et ressources disponibles dans notre initiative sur la sant\u00e9 mentale et la pr\u00e9vention du suicide.<\/p>","protected":false},"excerpt":{"rendered":"<p>Devenez un secouriste certifi\u00e9 en sant\u00e9 mentale en 2023 et faites une r\u00e9elle diff\u00e9rence. Jouez un r\u00f4le actif en aidant \u00e0 prendre soin des personnes avec lesquelles vous travaillez. D\u00e9veloppez vos comp\u00e9tences [...]<\/p>","protected":false},"author":1,"featured_media":5697,"comment_status":"closed","ping_status":"closed","sticky":false,"template":"","format":"standard","meta":{"_acf_changed":false,"_monsterinsights_skip_tracking":false,"_monsterinsights_sitenote_active":false,"_monsterinsights_sitenote_note":"","_monsterinsights_sitenote_category":0,"footnotes":""},"categories":[8],"tags":[32],"yoast_head":"<!-- This site is optimized with the Yoast SEO plugin v23.5 - https:\/\/yoast.com\/wordpress\/plugins\/seo\/ -->\n<title>Behind the Scenes Charity Announces Mental Health First Aid and Bystander Intervention Training Dates - IATSE<\/title>\n<meta name=\"robots\" content=\"index, follow, max-snippet:-1, max-image-preview:large, max-video-preview:-1\" \/>\n<link rel=\"canonical\" href=\"https:\/\/iatse.net\/fr\/behind-the-scenes-charity-announces-mental-health-first-aid-and-bystander-intervention-training-dates\/\" \/>\n<meta property=\"og:locale\" content=\"fr_CA\" \/>\n<meta property=\"og:type\" content=\"article\" \/>\n<meta property=\"og:title\" content=\"Behind the Scenes Charity Announces Mental Health First Aid and Bystander Intervention Training Dates - IATSE\" \/>\n<meta property=\"og:description\" content=\"Become a certified Mental Health First Aider in 2023 and make a real difference. Take an active role in helping to care for those you work with. Expand your skill [&hellip;]\" \/>\n<meta property=\"og:url\" content=\"https:\/\/iatse.net\/fr\/behind-the-scenes-charity-announces-mental-health-first-aid-and-bystander-intervention-training-dates\/\" \/>\n<meta property=\"og:site_name\" content=\"IATSE\" \/>\n<meta property=\"article:published_time\" content=\"2023-01-05T16:54:00+00:00\" \/>\n<meta property=\"article:modified_time\" content=\"2023-01-09T16:56:08+00:00\" \/>\n<meta property=\"og:image\" content=\"https:\/\/iatse.net\/wp-content\/uploads\/2021\/08\/2021-08-01-EdDept-Behind-The-Scenes-BTS-Charity-Logo-Header-600-1.png\" \/>\n\t<meta property=\"og:image:width\" content=\"600\" \/>\n\t<meta property=\"og:image:height\" content=\"264\" \/>\n\t<meta property=\"og:image:type\" content=\"image\/png\" \/>\n<meta name=\"author\" content=\"ºìÌÒÊÓÆµCommunications\" \/>\n<meta name=\"twitter:card\" content=\"summary_large_image\" \/>\n<meta name=\"twitter:label1\" content=\"\u00c9crit par\" \/>\n\t<meta name=\"twitter:data1\" content=\"ºìÌÒÊÓÆµCommunications\" \/>\n\t<meta name=\"twitter:label2\" content=\"Estimation du temps de lecture\" \/>\n\t<meta name=\"twitter:data2\" content=\"3 minutes\" \/>\n<script type=\"application\/ld+json\" class=\"yoast-schema-graph\">{\"@context\":\"https:\/\/schema.org\",\"@graph\":[{\"@type\":\"Article\",\"@id\":\"https:\/\/iatse.net\/behind-the-scenes-charity-announces-mental-health-first-aid-and-bystander-intervention-training-dates\/#article\",\"isPartOf\":{\"@id\":\"https:\/\/iatse.net\/behind-the-scenes-charity-announces-mental-health-first-aid-and-bystander-intervention-training-dates\/\"},\"author\":{\"name\":\"ºìÌÒÊÓÆµCommunications\",\"@id\":\"https:\/\/iatse.net\/#\/schema\/person\/0f70e66471ace00026b129e85eb44df0\"},\"headline\":\"Behind the Scenes Charity Announces Mental Health First Aid and Bystander Intervention Training Dates\",\"datePublished\":\"2023-01-05T16:54:00+00:00\",\"dateModified\":\"2023-01-09T16:56:08+00:00\",\"mainEntityOfPage\":{\"@id\":\"https:\/\/iatse.net\/behind-the-scenes-charity-announces-mental-health-first-aid-and-bystander-intervention-training-dates\/\"},\"wordCount\":526,\"publisher\":{\"@id\":\"https:\/\/iatse.net\/#organization\"},\"image\":{\"@id\":\"https:\/\/iatse.net\/behind-the-scenes-charity-announces-mental-health-first-aid-and-bystander-intervention-training-dates\/#primaryimage\"},\"thumbnailUrl\":\"https:\/\/iatse.net\/wp-content\/uploads\/2021\/08\/2021-08-01-EdDept-Behind-The-Scenes-BTS-Charity-Logo-Header-600-1.png\",\"keywords\":[\"Education\"],\"articleSection\":[\"News\"],\"inLanguage\":\"fr-CA\"},{\"@type\":\"WebPage\",\"@id\":\"https:\/\/iatse.net\/behind-the-scenes-charity-announces-mental-health-first-aid-and-bystander-intervention-training-dates\/\",\"url\":\"https:\/\/iatse.net\/behind-the-scenes-charity-announces-mental-health-first-aid-and-bystander-intervention-training-dates\/\",\"name\":\"Behind the Scenes Charity Announces Mental Health First Aid and Bystander Intervention Training Dates - IATSE\",\"isPartOf\":{\"@id\":\"https:\/\/iatse.net\/#website\"},\"primaryImageOfPage\":{\"@id\":\"https:\/\/iatse.net\/behind-the-scenes-charity-announces-mental-health-first-aid-and-bystander-intervention-training-dates\/#primaryimage\"},\"image\":{\"@id\":\"https:\/\/iatse.net\/behind-the-scenes-charity-announces-mental-health-first-aid-and-bystander-intervention-training-dates\/#primaryimage\"},\"thumbnailUrl\":\"https:\/\/iatse.net\/wp-content\/uploads\/2021\/08\/2021-08-01-EdDept-Behind-The-Scenes-BTS-Charity-Logo-Header-600-1.png\",\"datePublished\":\"2023-01-05T16:54:00+00:00\",\"dateModified\":\"2023-01-09T16:56:08+00:00\",\"breadcrumb\":{\"@id\":\"https:\/\/iatse.net\/behind-the-scenes-charity-announces-mental-health-first-aid-and-bystander-intervention-training-dates\/#breadcrumb\"},\"inLanguage\":\"fr-CA\",\"potentialAction\":[{\"@type\":\"ReadAction\",\"target\":[\"https:\/\/iatse.net\/behind-the-scenes-charity-announces-mental-health-first-aid-and-bystander-intervention-training-dates\/\"]}]},{\"@type\":\"ImageObject\",\"inLanguage\":\"fr-CA\",\"@id\":\"https:\/\/iatse.net\/behind-the-scenes-charity-announces-mental-health-first-aid-and-bystander-intervention-training-dates\/#primaryimage\",\"url\":\"https:\/\/iatse.net\/wp-content\/uploads\/2021\/08\/2021-08-01-EdDept-Behind-The-Scenes-BTS-Charity-Logo-Header-600-1.png\",\"contentUrl\":\"https:\/\/iatse.net\/wp-content\/uploads\/2021\/08\/2021-08-01-EdDept-Behind-The-Scenes-BTS-Charity-Logo-Header-600-1.png\",\"width\":600,\"height\":264,\"caption\":\"Behind the Scenes logo and header\"},{\"@type\":\"BreadcrumbList\",\"@id\":\"https:\/\/iatse.net\/behind-the-scenes-charity-announces-mental-health-first-aid-and-bystander-intervention-training-dates\/#breadcrumb\",\"itemListElement\":[{\"@type\":\"ListItem\",\"position\":1,\"name\":\"Home\",\"item\":\"https:\/\/iatse.net\/\"},{\"@type\":\"ListItem\",\"position\":2,\"name\":\"Behind the Scenes Charity Announces Mental Health First Aid and Bystander Intervention Training Dates\"}]},{\"@type\":\"WebSite\",\"@id\":\"https:\/\/iatse.net\/#website\",\"url\":\"https:\/\/iatse.net\/\",\"name\":\"IATSE\",\"description\":\"The Union Behind Entertainment\",\"publisher\":{\"@id\":\"https:\/\/iatse.net\/#organization\"},\"potentialAction\":[{\"@type\":\"SearchAction\",\"target\":{\"@type\":\"EntryPoint\",\"urlTemplate\":\"https:\/\/iatse.net\/?s={search_term_string}\"},\"query-input\":{\"@type\":\"PropertyValueSpecification\",\"valueRequired\":true,\"valueName\":\"search_term_string\"}}],\"inLanguage\":\"fr-CA\"},{\"@type\":\"Organization\",\"@id\":\"https:\/\/iatse.net\/#organization\",\"name\":\"IATSE\",\"url\":\"https:\/\/iatse.net\/\",\"logo\":{\"@type\":\"ImageObject\",\"inLanguage\":\"fr-CA\",\"@id\":\"https:\/\/iatse.net\/#\/schema\/logo\/image\/\",\"url\":\"https:\/\/iatse.net\/wp-content\/uploads\/2021\/03\/IATSE_Logo_White.png\",\"contentUrl\":\"https:\/\/iatse.net\/wp-content\/uploads\/2021\/03\/IATSE_Logo_White.png\",\"width\":2100,\"height\":1987,\"caption\":\"IATSE\"},\"image\":{\"@id\":\"https:\/\/iatse.net\/#\/schema\/logo\/image\/\"}},{\"@type\":\"Person\",\"@id\":\"https:\/\/iatse.net\/#\/schema\/person\/0f70e66471ace00026b129e85eb44df0\",\"name\":\"ºìÌÒÊÓÆµCommunications\",\"image\":{\"@type\":\"ImageObject\",\"inLanguage\":\"fr-CA\",\"@id\":\"https:\/\/iatse.net\/#\/schema\/person\/image\/\",\"url\":\"https:\/\/secure.gravatar.com\/avatar\/35aecdeea9e9584c91ca1675b0997004?s=96&d=mm&r=g\",\"contentUrl\":\"https:\/\/secure.gravatar.com\/avatar\/35aecdeea9e9584c91ca1675b0997004?s=96&d=mm&r=g\",\"caption\":\"ºìÌÒÊÓÆµCommunications\"},\"sameAs\":[\"https:\/\/iatse.net\"],\"url\":\"https:\/\/iatse.net\/fr\/author\/communications\/\"}]}<\/script>\n<!-- \/ Yoast SEO plugin. -->","yoast_head_json":{"title":"Behind the Scenes Charity Announces Mental Health First Aid and Bystander Intervention Training Dates - IATSE","robots":{"index":"index","follow":"follow","max-snippet":"max-snippet:-1","max-image-preview":"max-image-preview:large","max-video-preview":"max-video-preview:-1"},"canonical":"https:\/\/iatse.net\/fr\/behind-the-scenes-charity-announces-mental-health-first-aid-and-bystander-intervention-training-dates\/","og_locale":"fr_CA","og_type":"article","og_title":"Behind the Scenes Charity Announces Mental Health First Aid and Bystander Intervention Training Dates - IATSE","og_description":"Become a certified Mental Health First Aider in 2023 and make a real difference. Take an active role in helping to care for those you work with. Expand your skill [&hellip;]","og_url":"https:\/\/iatse.net\/fr\/behind-the-scenes-charity-announces-mental-health-first-aid-and-bystander-intervention-training-dates\/","og_site_name":"IATSE","article_published_time":"2023-01-05T16:54:00+00:00","article_modified_time":"2023-01-09T16:56:08+00:00","og_image":[{"width":600,"height":264,"url":"https:\/\/iatse.net\/wp-content\/uploads\/2021\/08\/2021-08-01-EdDept-Behind-The-Scenes-BTS-Charity-Logo-Header-600-1.png","type":"image\/png"}],"author":"ºìÌÒÊÓÆµCommunications","twitter_card":"summary_large_image","twitter_misc":{"\u00c9crit par":"ºìÌÒÊÓÆµCommunications","Estimation du temps de lecture":"3 minutes"},"schema":{"@context":"https:\/\/schema.org","@graph":[{"@type":"Article","@id":"https:\/\/iatse.net\/behind-the-scenes-charity-announces-mental-health-first-aid-and-bystander-intervention-training-dates\/#article","isPartOf":{"@id":"https:\/\/iatse.net\/behind-the-scenes-charity-announces-mental-health-first-aid-and-bystander-intervention-training-dates\/"},"author":{"name":"ºìÌÒÊÓÆµCommunications","@id":"https:\/\/iatse.net\/#\/schema\/person\/0f70e66471ace00026b129e85eb44df0"},"headline":"Behind the Scenes Charity Announces Mental Health First Aid and Bystander Intervention Training Dates","datePublished":"2023-01-05T16:54:00+00:00","dateModified":"2023-01-09T16:56:08+00:00","mainEntityOfPage":{"@id":"https:\/\/iatse.net\/behind-the-scenes-charity-announces-mental-health-first-aid-and-bystander-intervention-training-dates\/"},"wordCount":526,"publisher":{"@id":"https:\/\/iatse.net\/#organization"},"image":{"@id":"https:\/\/iatse.net\/behind-the-scenes-charity-announces-mental-health-first-aid-and-bystander-intervention-training-dates\/#primaryimage"},"thumbnailUrl":"https:\/\/iatse.net\/wp-content\/uploads\/2021\/08\/2021-08-01-EdDept-Behind-The-Scenes-BTS-Charity-Logo-Header-600-1.png","keywords":["Education"],"articleSection":["News"],"inLanguage":"fr-CA"},{"@type":"WebPage","@id":"https:\/\/iatse.net\/behind-the-scenes-charity-announces-mental-health-first-aid-and-bystander-intervention-training-dates\/","url":"https:\/\/iatse.net\/behind-the-scenes-charity-announces-mental-health-first-aid-and-bystander-intervention-training-dates\/","name":"Behind the Scenes Charity Announces Mental Health First Aid and Bystander Intervention Training Dates - IATSE","isPartOf":{"@id":"https:\/\/iatse.net\/#website"},"primaryImageOfPage":{"@id":"https:\/\/iatse.net\/behind-the-scenes-charity-announces-mental-health-first-aid-and-bystander-intervention-training-dates\/#primaryimage"},"image":{"@id":"https:\/\/iatse.net\/behind-the-scenes-charity-announces-mental-health-first-aid-and-bystander-intervention-training-dates\/#primaryimage"},"thumbnailUrl":"https:\/\/iatse.net\/wp-content\/uploads\/2021\/08\/2021-08-01-EdDept-Behind-The-Scenes-BTS-Charity-Logo-Header-600-1.png","datePublished":"2023-01-05T16:54:00+00:00","dateModified":"2023-01-09T16:56:08+00:00","breadcrumb":{"@id":"https:\/\/iatse.net\/behind-the-scenes-charity-announces-mental-health-first-aid-and-bystander-intervention-training-dates\/#breadcrumb"},"inLanguage":"fr-CA","potentialAction":[{"@type":"ReadAction","target":["https:\/\/iatse.net\/behind-the-scenes-charity-announces-mental-health-first-aid-and-bystander-intervention-training-dates\/"]}]},{"@type":"ImageObject","inLanguage":"fr-CA","@id":"https:\/\/iatse.net\/behind-the-scenes-charity-announces-mental-health-first-aid-and-bystander-intervention-training-dates\/#primaryimage","url":"https:\/\/iatse.net\/wp-content\/uploads\/2021\/08\/2021-08-01-EdDept-Behind-The-Scenes-BTS-Charity-Logo-Header-600-1.png","contentUrl":"https:\/\/iatse.net\/wp-content\/uploads\/2021\/08\/2021-08-01-EdDept-Behind-The-Scenes-BTS-Charity-Logo-Header-600-1.png","width":600,"height":264,"caption":"Behind the Scenes logo and header"},{"@type":"BreadcrumbList","@id":"https:\/\/iatse.net\/behind-the-scenes-charity-announces-mental-health-first-aid-and-bystander-intervention-training-dates\/#breadcrumb","itemListElement":[{"@type":"ListItem","position":1,"name":"Home","item":"https:\/\/iatse.net\/"},{"@type":"ListItem","position":2,"name":"Behind the Scenes Charity Announces Mental Health First Aid and Bystander Intervention Training Dates"}]},{"@type":"WebSite","@id":"https:\/\/iatse.net\/#website","url":"https:\/\/iatse.net\/","name":"IATSE","description":"The Union Behind Entertainment","publisher":{"@id":"https:\/\/iatse.net\/#organization"},"potentialAction":[{"@type":"SearchAction","target":{"@type":"EntryPoint","urlTemplate":"https:\/\/iatse.net\/?s={search_term_string}"},"query-input":{"@type":"PropertyValueSpecification","valueRequired":true,"valueName":"search_term_string"}}],"inLanguage":"fr-CA"},{"@type":"Organization","@id":"https:\/\/iatse.net\/#organization","name":"IATSE","url":"https:\/\/iatse.net\/","logo":{"@type":"ImageObject","inLanguage":"fr-CA","@id":"https:\/\/iatse.net\/#\/schema\/logo\/image\/","url":"https:\/\/iatse.net\/wp-content\/uploads\/2021\/03\/IATSE_Logo_White.png","contentUrl":"https:\/\/iatse.net\/wp-content\/uploads\/2021\/03\/IATSE_Logo_White.png","width":2100,"height":1987,"caption":"IATSE"},"image":{"@id":"https:\/\/iatse.net\/#\/schema\/logo\/image\/"}},{"@type":"Person","@id":"https:\/\/iatse.net\/#\/schema\/person\/0f70e66471ace00026b129e85eb44df0","name":"ºìÌÒÊÓÆµCommunications","image":{"@type":"ImageObject","inLanguage":"fr-CA","@id":"https:\/\/iatse.net\/#\/schema\/person\/image\/","url":"https:\/\/secure.gravatar.com\/avatar\/35aecdeea9e9584c91ca1675b0997004?s=96&d=mm&r=g","contentUrl":"https:\/\/secure.gravatar.com\/avatar\/35aecdeea9e9584c91ca1675b0997004?s=96&d=mm&r=g","caption":"ºìÌÒÊÓÆµCommunications"},"sameAs":["https:\/\/iatse.net"],"url":"https:\/\/iatse.net\/fr\/author\/communications\/"}]}},"acf":[],"_links":{"self":[{"href":"https:\/\/iatse.net\/fr\/wp-json\/wp\/v2\/posts\/12192"}],"collection":[{"href":"https:\/\/iatse.net\/fr\/wp-json\/wp\/v2\/posts"}],"about":[{"href":"https:\/\/iatse.net\/fr\/wp-json\/wp\/v2\/types\/post"}],"author":[{"embeddable":true,"href":"https:\/\/iatse.net\/fr\/wp-json\/wp\/v2\/users\/1"}],"replies":[{"embeddable":true,"href":"https:\/\/iatse.net\/fr\/wp-json\/wp\/v2\/comments?post=12192"}],"version-history":[{"count":1,"href":"https:\/\/iatse.net\/fr\/wp-json\/wp\/v2\/posts\/12192\/revisions"}],"predecessor-version":[{"id":12193,"href":"https:\/\/iatse.net\/fr\/wp-json\/wp\/v2\/posts\/12192\/revisions\/12193"}],"wp:featuredmedia":[{"embeddable":true,"href":"https:\/\/iatse.net\/fr\/wp-json\/wp\/v2\/media\/5697"}],"wp:attachment":[{"href":"https:\/\/iatse.net\/fr\/wp-json\/wp\/v2\/media?parent=12192"}],"wp:term":[{"taxonomy":"category","embeddable":true,"href":"https:\/\/iatse.net\/fr\/wp-json\/wp\/v2\/categories?post=12192"},{"taxonomy":"post_tag","embeddable":true,"href":"https:\/\/iatse.net\/fr\/wp-json\/wp\/v2\/tags?post=12192"}],"curies":[{"name":"wp","href":"https:\/\/api.w.org\/{rel}","templated":true}]}}