  {"id":1588,"date":"2007-05-18T00:00:00","date_gmt":"2007-05-18T00:00:00","guid":{"rendered":"https:\/\/iatse.net\/2007\/05\/18\/ftq-publicly-endorses-iatse-locals-514-667-efforts-to-represent-quebec-motion-picture-workers\/"},"modified":"2021-06-14T13:44:23","modified_gmt":"2021-06-14T13:44:23","slug":"ftq-publicly-endorses-iatse-locals-514-667-efforts-to-represent-quebec-motion-picture-workers","status":"publish","type":"post","link":"https:\/\/iatse.net\/fr\/ftq-publicly-endorses-iatse-locals-514-667-efforts-to-represent-quebec-motion-picture-workers\/","title":{"rendered":"La FTQ appuie publiquement les efforts des sections locales 514 et 667 de l'ºìÌÒÊÓÆµpour repr\u00e9senter les travailleurs du cin\u00e9ma qu\u00e9b\u00e9cois"},"content":{"rendered":"<p>Le 16 mai 2007, le pr\u00e9sident international de l'IATSE, Thomas C. Short, et Henri Mass\u00e9, pr\u00e9sident de la F\u00e9d\u00e9ration des travailleurs et travailleuses du Qu\u00e9bec (FTQ), ont rencontr\u00e9 des membres des sections locales 514 et 667 de l'ºìÌÒÊÓÆµsur le plateau de tournage de \" Whiteout \", l'un des six longs m\u00e9trages dont la production est pr\u00e9vue cette ann\u00e9e \u00e0 Montr\u00e9al sous la juridiction de l'IATSE.<\/p>\n<p>Henri Mass\u00e9 a saisi l'occasion pour exprimer publiquement son soutien aux efforts de syndicalisation des sections locales 514 et 667 de l'ºìÌÒÊÓÆµ\u00e0 Montr\u00e9al.  \"L'ºìÌÒÊÓÆµa une longue et fi\u00e8re histoire de repr\u00e9sentation des employ\u00e9s travaillant dans l'industrie du divertissement au Qu\u00e9bec depuis 1898.  Il doit y avoir un seul syndicat pour repr\u00e9senter les int\u00e9r\u00eats des travailleurs du cin\u00e9ma au Qu\u00e9bec et ce syndicat est l'IATSE.\"<\/p>\n<p>M. Mass\u00e9 ajoute : \"Ces locaux sont engag\u00e9s et nous devons en grande partie \u00e0 leur d\u00e9termination le fait que Montr\u00e9al dispose \u00e0 nouveau des conditions favorables pour attirer d'importantes productions am\u00e9ricaines qui mena\u00e7aient d'aller tourner ailleurs.\"<\/p>\n<p>Le pr\u00e9sident Short a d\u00e9clar\u00e9 : \"Les travailleurs du cin\u00e9ma au Qu\u00e9bec ont demand\u00e9 \u00e0 l'ºìÌÒÊÓÆµde les repr\u00e9senter.  Nous avons l'intention de le faire.  J'appr\u00e9cie le soutien de la FTQ.  Les six sections locales de l'ºìÌÒÊÓÆµau Qu\u00e9bec sont membres de la FTQ et nous continuons \u00e0 soutenir le leadership d'Henri Mass\u00e9 et de la FTQ dans leur lutte pour am\u00e9liorer la vie des familles de travailleurs.\"<\/p>\n<p>L'ºìÌÒÊÓÆµest un syndicat international qui repr\u00e9sente les membres employ\u00e9s dans les secteurs de la sc\u00e9nographie, de la production cin\u00e9matographique et t\u00e9l\u00e9visuelle et des salons professionnels dans l'ensemble des \u00c9tats-Unis, de leurs territoires et du Canada.<\/p>\n<p>La FTQ (F\u00e9d\u00e9ration des travailleurs du Qu\u00e9bec) est la plus grande conf\u00e9d\u00e9ration syndicale du Qu\u00e9bec avec plus d'un demi-million de membres.<\/p>","protected":false},"excerpt":{"rendered":"<p>Le 16 mai 2007, le pr\u00e9sident international de l'IATSE, Thomas C. Short, et Henri Mass\u00e9, pr\u00e9sident de la F\u00e9d\u00e9ration des travailleurs et travailleuses du Qu\u00e9bec (FTQ), ont rencontr\u00e9 des membres des sections locales de l'ºìÌÒÊÓÆµ[...].<\/p>","protected":false},"author":1,"featured_media":1488,"comment_status":"open","ping_status":"open","sticky":false,"template":"","format":"standard","meta":{"_acf_changed":false,"_monsterinsights_skip_tracking":false,"_monsterinsights_sitenote_active":false,"_monsterinsights_sitenote_note":"","_monsterinsights_sitenote_category":0,"footnotes":""},"categories":[8],"tags":[19],"yoast_head":"<!-- This site is optimized with the Yoast SEO plugin v23.5 - https:\/\/yoast.com\/wordpress\/plugins\/seo\/ -->\n<title>FTQ Publicly Endorses ºìÌÒÊÓÆµLocals 514, 667 Efforts to Represent Quebec Motion Picture Workers - IATSE<\/title>\n<meta name=\"robots\" content=\"index, follow, max-snippet:-1, max-image-preview:large, max-video-preview:-1\" \/>\n<link rel=\"canonical\" href=\"https:\/\/iatse.net\/fr\/ftq-publicly-endorses-iatse-locals-514-667-efforts-to-represent-quebec-motion-picture-workers\/\" \/>\n<meta property=\"og:locale\" content=\"fr_CA\" \/>\n<meta property=\"og:type\" content=\"article\" \/>\n<meta property=\"og:title\" content=\"FTQ Publicly Endorses ºìÌÒÊÓÆµLocals 514, 667 Efforts to Represent Quebec Motion Picture Workers - IATSE\" \/>\n<meta property=\"og:description\" content=\"On May 16, 2007, ºìÌÒÊÓÆµInternational President Thomas C. Short and Henri Mass\u00e9, President of La F\u00e9d\u00e9ration des Travailleurs et Travailleuses du Qu\u00e9bec (FTQ) met with members of ºìÌÒÊÓÆµLocals [&hellip;]\" \/>\n<meta property=\"og:url\" content=\"https:\/\/iatse.net\/fr\/ftq-publicly-endorses-iatse-locals-514-667-efforts-to-represent-quebec-motion-picture-workers\/\" \/>\n<meta property=\"og:site_name\" content=\"IATSE\" \/>\n<meta property=\"article:published_time\" content=\"2007-05-18T00:00:00+00:00\" \/>\n<meta property=\"article:modified_time\" content=\"2021-06-14T13:44:23+00:00\" \/>\n<meta property=\"og:image\" content=\"https:\/\/iatse.net\/wp-content\/uploads\/2021\/06\/2-1.jpg\" \/>\n\t<meta property=\"og:image:width\" content=\"1920\" \/>\n\t<meta property=\"og:image:height\" content=\"1080\" \/>\n\t<meta property=\"og:image:type\" content=\"image\/jpeg\" \/>\n<meta name=\"author\" content=\"ºìÌÒÊÓÆµCommunications\" \/>\n<meta name=\"twitter:card\" content=\"summary_large_image\" \/>\n<meta name=\"twitter:label1\" content=\"\u00c9crit par\" \/>\n\t<meta name=\"twitter:data1\" content=\"ºìÌÒÊÓÆµCommunications\" \/>\n\t<meta name=\"twitter:label2\" content=\"Estimation du temps de lecture\" \/>\n\t<meta name=\"twitter:data2\" content=\"2 minutes\" \/>\n<script type=\"application\/ld+json\" class=\"yoast-schema-graph\">{\"@context\":\"https:\/\/schema.org\",\"@graph\":[{\"@type\":\"Article\",\"@id\":\"https:\/\/iatse.net\/fr\/ftq-publicly-endorses-iatse-locals-514-667-efforts-to-represent-quebec-motion-picture-workers\/#article\",\"isPartOf\":{\"@id\":\"https:\/\/iatse.net\/fr\/ftq-publicly-endorses-iatse-locals-514-667-efforts-to-represent-quebec-motion-picture-workers\/\"},\"author\":{\"name\":\"ºìÌÒÊÓÆµCommunications\",\"@id\":\"https:\/\/iatse.net\/#\/schema\/person\/0f70e66471ace00026b129e85eb44df0\"},\"headline\":\"FTQ Publicly Endorses ºìÌÒÊÓÆµLocals 514, 667 Efforts to Represent Quebec Motion Picture Workers\",\"datePublished\":\"2007-05-18T00:00:00+00:00\",\"dateModified\":\"2021-06-14T13:44:23+00:00\",\"mainEntityOfPage\":{\"@id\":\"https:\/\/iatse.net\/fr\/ftq-publicly-endorses-iatse-locals-514-667-efforts-to-represent-quebec-motion-picture-workers\/\"},\"wordCount\":285,\"commentCount\":0,\"publisher\":{\"@id\":\"https:\/\/iatse.net\/#organization\"},\"image\":{\"@id\":\"https:\/\/iatse.net\/fr\/ftq-publicly-endorses-iatse-locals-514-667-efforts-to-represent-quebec-motion-picture-workers\/#primaryimage\"},\"thumbnailUrl\":\"https:\/\/iatse.net\/wp-content\/uploads\/2021\/06\/2-1.jpg\",\"keywords\":[\"Canada\"],\"articleSection\":[\"News\"],\"inLanguage\":\"fr-CA\"},{\"@type\":\"WebPage\",\"@id\":\"https:\/\/iatse.net\/fr\/ftq-publicly-endorses-iatse-locals-514-667-efforts-to-represent-quebec-motion-picture-workers\/\",\"url\":\"https:\/\/iatse.net\/fr\/ftq-publicly-endorses-iatse-locals-514-667-efforts-to-represent-quebec-motion-picture-workers\/\",\"name\":\"FTQ Publicly Endorses ºìÌÒÊÓÆµLocals 514, 667 Efforts to Represent Quebec Motion Picture Workers - IATSE\",\"isPartOf\":{\"@id\":\"https:\/\/iatse.net\/#website\"},\"primaryImageOfPage\":{\"@id\":\"https:\/\/iatse.net\/fr\/ftq-publicly-endorses-iatse-locals-514-667-efforts-to-represent-quebec-motion-picture-workers\/#primaryimage\"},\"image\":{\"@id\":\"https:\/\/iatse.net\/fr\/ftq-publicly-endorses-iatse-locals-514-667-efforts-to-represent-quebec-motion-picture-workers\/#primaryimage\"},\"thumbnailUrl\":\"https:\/\/iatse.net\/wp-content\/uploads\/2021\/06\/2-1.jpg\",\"datePublished\":\"2007-05-18T00:00:00+00:00\",\"dateModified\":\"2021-06-14T13:44:23+00:00\",\"breadcrumb\":{\"@id\":\"https:\/\/iatse.net\/fr\/ftq-publicly-endorses-iatse-locals-514-667-efforts-to-represent-quebec-motion-picture-workers\/#breadcrumb\"},\"inLanguage\":\"fr-CA\",\"potentialAction\":[{\"@type\":\"ReadAction\",\"target\":[\"https:\/\/iatse.net\/fr\/ftq-publicly-endorses-iatse-locals-514-667-efforts-to-represent-quebec-motion-picture-workers\/\"]}]},{\"@type\":\"ImageObject\",\"inLanguage\":\"fr-CA\",\"@id\":\"https:\/\/iatse.net\/fr\/ftq-publicly-endorses-iatse-locals-514-667-efforts-to-represent-quebec-motion-picture-workers\/#primaryimage\",\"url\":\"https:\/\/iatse.net\/wp-content\/uploads\/2021\/06\/2-1.jpg\",\"contentUrl\":\"https:\/\/iatse.net\/wp-content\/uploads\/2021\/06\/2-1.jpg\",\"width\":1920,\"height\":1080,\"caption\":\"ºìÌÒÊÓÆµCanada logo\"},{\"@type\":\"BreadcrumbList\",\"@id\":\"https:\/\/iatse.net\/fr\/ftq-publicly-endorses-iatse-locals-514-667-efforts-to-represent-quebec-motion-picture-workers\/#breadcrumb\",\"itemListElement\":[{\"@type\":\"ListItem\",\"position\":1,\"name\":\"Home\",\"item\":\"https:\/\/iatse.net\/\"},{\"@type\":\"ListItem\",\"position\":2,\"name\":\"FTQ Publicly Endorses ºìÌÒÊÓÆµLocals 514, 667 Efforts to Represent Quebec Motion Picture Workers\"}]},{\"@type\":\"WebSite\",\"@id\":\"https:\/\/iatse.net\/#website\",\"url\":\"https:\/\/iatse.net\/\",\"name\":\"IATSE\",\"description\":\"The Union Behind Entertainment\",\"publisher\":{\"@id\":\"https:\/\/iatse.net\/#organization\"},\"potentialAction\":[{\"@type\":\"SearchAction\",\"target\":{\"@type\":\"EntryPoint\",\"urlTemplate\":\"https:\/\/iatse.net\/?s={search_term_string}\"},\"query-input\":{\"@type\":\"PropertyValueSpecification\",\"valueRequired\":true,\"valueName\":\"search_term_string\"}}],\"inLanguage\":\"fr-CA\"},{\"@type\":\"Organization\",\"@id\":\"https:\/\/iatse.net\/#organization\",\"name\":\"IATSE\",\"url\":\"https:\/\/iatse.net\/\",\"logo\":{\"@type\":\"ImageObject\",\"inLanguage\":\"fr-CA\",\"@id\":\"https:\/\/iatse.net\/#\/schema\/logo\/image\/\",\"url\":\"https:\/\/iatse.net\/wp-content\/uploads\/2021\/03\/IATSE_Logo_White.png\",\"contentUrl\":\"https:\/\/iatse.net\/wp-content\/uploads\/2021\/03\/IATSE_Logo_White.png\",\"width\":2100,\"height\":1987,\"caption\":\"IATSE\"},\"image\":{\"@id\":\"https:\/\/iatse.net\/#\/schema\/logo\/image\/\"}},{\"@type\":\"Person\",\"@id\":\"https:\/\/iatse.net\/#\/schema\/person\/0f70e66471ace00026b129e85eb44df0\",\"name\":\"ºìÌÒÊÓÆµCommunications\",\"image\":{\"@type\":\"ImageObject\",\"inLanguage\":\"fr-CA\",\"@id\":\"https:\/\/iatse.net\/#\/schema\/person\/image\/\",\"url\":\"https:\/\/secure.gravatar.com\/avatar\/35aecdeea9e9584c91ca1675b0997004?s=96&d=mm&r=g\",\"contentUrl\":\"https:\/\/secure.gravatar.com\/avatar\/35aecdeea9e9584c91ca1675b0997004?s=96&d=mm&r=g\",\"caption\":\"ºìÌÒÊÓÆµCommunications\"},\"sameAs\":[\"https:\/\/iatse.net\"],\"url\":\"https:\/\/iatse.net\/fr\/author\/communications\/\"}]}<\/script>\n<!-- \/ Yoast SEO plugin. -->","yoast_head_json":{"title":"FTQ Publicly Endorses ºìÌÒÊÓÆµLocals 514, 667 Efforts to Represent Quebec Motion Picture Workers - IATSE","robots":{"index":"index","follow":"follow","max-snippet":"max-snippet:-1","max-image-preview":"max-image-preview:large","max-video-preview":"max-video-preview:-1"},"canonical":"https:\/\/iatse.net\/fr\/ftq-publicly-endorses-iatse-locals-514-667-efforts-to-represent-quebec-motion-picture-workers\/","og_locale":"fr_CA","og_type":"article","og_title":"FTQ Publicly Endorses ºìÌÒÊÓÆµLocals 514, 667 Efforts to Represent Quebec Motion Picture Workers - IATSE","og_description":"On May 16, 2007, ºìÌÒÊÓÆµInternational President Thomas C. Short and Henri Mass\u00e9, President of La F\u00e9d\u00e9ration des Travailleurs et Travailleuses du Qu\u00e9bec (FTQ) met with members of ºìÌÒÊÓÆµLocals [&hellip;]","og_url":"https:\/\/iatse.net\/fr\/ftq-publicly-endorses-iatse-locals-514-667-efforts-to-represent-quebec-motion-picture-workers\/","og_site_name":"IATSE","article_published_time":"2007-05-18T00:00:00+00:00","article_modified_time":"2021-06-14T13:44:23+00:00","og_image":[{"width":1920,"height":1080,"url":"https:\/\/iatse.net\/wp-content\/uploads\/2021\/06\/2-1.jpg","type":"image\/jpeg"}],"author":"ºìÌÒÊÓÆµCommunications","twitter_card":"summary_large_image","twitter_misc":{"\u00c9crit par":"ºìÌÒÊÓÆµCommunications","Estimation du temps de lecture":"2 minutes"},"schema":{"@context":"https:\/\/schema.org","@graph":[{"@type":"Article","@id":"https:\/\/iatse.net\/fr\/ftq-publicly-endorses-iatse-locals-514-667-efforts-to-represent-quebec-motion-picture-workers\/#article","isPartOf":{"@id":"https:\/\/iatse.net\/fr\/ftq-publicly-endorses-iatse-locals-514-667-efforts-to-represent-quebec-motion-picture-workers\/"},"author":{"name":"ºìÌÒÊÓÆµCommunications","@id":"https:\/\/iatse.net\/#\/schema\/person\/0f70e66471ace00026b129e85eb44df0"},"headline":"FTQ Publicly Endorses ºìÌÒÊÓÆµLocals 514, 667 Efforts to Represent Quebec Motion Picture Workers","datePublished":"2007-05-18T00:00:00+00:00","dateModified":"2021-06-14T13:44:23+00:00","mainEntityOfPage":{"@id":"https:\/\/iatse.net\/fr\/ftq-publicly-endorses-iatse-locals-514-667-efforts-to-represent-quebec-motion-picture-workers\/"},"wordCount":285,"commentCount":0,"publisher":{"@id":"https:\/\/iatse.net\/#organization"},"image":{"@id":"https:\/\/iatse.net\/fr\/ftq-publicly-endorses-iatse-locals-514-667-efforts-to-represent-quebec-motion-picture-workers\/#primaryimage"},"thumbnailUrl":"https:\/\/iatse.net\/wp-content\/uploads\/2021\/06\/2-1.jpg","keywords":["Canada"],"articleSection":["News"],"inLanguage":"fr-CA"},{"@type":"WebPage","@id":"https:\/\/iatse.net\/fr\/ftq-publicly-endorses-iatse-locals-514-667-efforts-to-represent-quebec-motion-picture-workers\/","url":"https:\/\/iatse.net\/fr\/ftq-publicly-endorses-iatse-locals-514-667-efforts-to-represent-quebec-motion-picture-workers\/","name":"FTQ Publicly Endorses ºìÌÒÊÓÆµLocals 514, 667 Efforts to Represent Quebec Motion Picture Workers - IATSE","isPartOf":{"@id":"https:\/\/iatse.net\/#website"},"primaryImageOfPage":{"@id":"https:\/\/iatse.net\/fr\/ftq-publicly-endorses-iatse-locals-514-667-efforts-to-represent-quebec-motion-picture-workers\/#primaryimage"},"image":{"@id":"https:\/\/iatse.net\/fr\/ftq-publicly-endorses-iatse-locals-514-667-efforts-to-represent-quebec-motion-picture-workers\/#primaryimage"},"thumbnailUrl":"https:\/\/iatse.net\/wp-content\/uploads\/2021\/06\/2-1.jpg","datePublished":"2007-05-18T00:00:00+00:00","dateModified":"2021-06-14T13:44:23+00:00","breadcrumb":{"@id":"https:\/\/iatse.net\/fr\/ftq-publicly-endorses-iatse-locals-514-667-efforts-to-represent-quebec-motion-picture-workers\/#breadcrumb"},"inLanguage":"fr-CA","potentialAction":[{"@type":"ReadAction","target":["https:\/\/iatse.net\/fr\/ftq-publicly-endorses-iatse-locals-514-667-efforts-to-represent-quebec-motion-picture-workers\/"]}]},{"@type":"ImageObject","inLanguage":"fr-CA","@id":"https:\/\/iatse.net\/fr\/ftq-publicly-endorses-iatse-locals-514-667-efforts-to-represent-quebec-motion-picture-workers\/#primaryimage","url":"https:\/\/iatse.net\/wp-content\/uploads\/2021\/06\/2-1.jpg","contentUrl":"https:\/\/iatse.net\/wp-content\/uploads\/2021\/06\/2-1.jpg","width":1920,"height":1080,"caption":"ºìÌÒÊÓÆµCanada logo"},{"@type":"BreadcrumbList","@id":"https:\/\/iatse.net\/fr\/ftq-publicly-endorses-iatse-locals-514-667-efforts-to-represent-quebec-motion-picture-workers\/#breadcrumb","itemListElement":[{"@type":"ListItem","position":1,"name":"Home","item":"https:\/\/iatse.net\/"},{"@type":"ListItem","position":2,"name":"FTQ Publicly Endorses ºìÌÒÊÓÆµLocals 514, 667 Efforts to Represent Quebec Motion Picture Workers"}]},{"@type":"WebSite","@id":"https:\/\/iatse.net\/#website","url":"https:\/\/iatse.net\/","name":"IATSE","description":"The Union Behind Entertainment","publisher":{"@id":"https:\/\/iatse.net\/#organization"},"potentialAction":[{"@type":"SearchAction","target":{"@type":"EntryPoint","urlTemplate":"https:\/\/iatse.net\/?s={search_term_string}"},"query-input":{"@type":"PropertyValueSpecification","valueRequired":true,"valueName":"search_term_string"}}],"inLanguage":"fr-CA"},{"@type":"Organization","@id":"https:\/\/iatse.net\/#organization","name":"IATSE","url":"https:\/\/iatse.net\/","logo":{"@type":"ImageObject","inLanguage":"fr-CA","@id":"https:\/\/iatse.net\/#\/schema\/logo\/image\/","url":"https:\/\/iatse.net\/wp-content\/uploads\/2021\/03\/IATSE_Logo_White.png","contentUrl":"https:\/\/iatse.net\/wp-content\/uploads\/2021\/03\/IATSE_Logo_White.png","width":2100,"height":1987,"caption":"IATSE"},"image":{"@id":"https:\/\/iatse.net\/#\/schema\/logo\/image\/"}},{"@type":"Person","@id":"https:\/\/iatse.net\/#\/schema\/person\/0f70e66471ace00026b129e85eb44df0","name":"ºìÌÒÊÓÆµCommunications","image":{"@type":"ImageObject","inLanguage":"fr-CA","@id":"https:\/\/iatse.net\/#\/schema\/person\/image\/","url":"https:\/\/secure.gravatar.com\/avatar\/35aecdeea9e9584c91ca1675b0997004?s=96&d=mm&r=g","contentUrl":"https:\/\/secure.gravatar.com\/avatar\/35aecdeea9e9584c91ca1675b0997004?s=96&d=mm&r=g","caption":"ºìÌÒÊÓÆµCommunications"},"sameAs":["https:\/\/iatse.net"],"url":"https:\/\/iatse.net\/fr\/author\/communications\/"}]}},"acf":[],"_links":{"self":[{"href":"https:\/\/iatse.net\/fr\/wp-json\/wp\/v2\/posts\/1588"}],"collection":[{"href":"https:\/\/iatse.net\/fr\/wp-json\/wp\/v2\/posts"}],"about":[{"href":"https:\/\/iatse.net\/fr\/wp-json\/wp\/v2\/types\/post"}],"author":[{"embeddable":true,"href":"https:\/\/iatse.net\/fr\/wp-json\/wp\/v2\/users\/1"}],"replies":[{"embeddable":true,"href":"https:\/\/iatse.net\/fr\/wp-json\/wp\/v2\/comments?post=1588"}],"version-history":[{"count":1,"href":"https:\/\/iatse.net\/fr\/wp-json\/wp\/v2\/posts\/1588\/revisions"}],"predecessor-version":[{"id":2688,"href":"https:\/\/iatse.net\/fr\/wp-json\/wp\/v2\/posts\/1588\/revisions\/2688"}],"wp:featuredmedia":[{"embeddable":true,"href":"https:\/\/iatse.net\/fr\/wp-json\/wp\/v2\/media\/1488"}],"wp:attachment":[{"href":"https:\/\/iatse.net\/fr\/wp-json\/wp\/v2\/media?parent=1588"}],"wp:term":[{"taxonomy":"category","embeddable":true,"href":"https:\/\/iatse.net\/fr\/wp-json\/wp\/v2\/categories?post=1588"},{"taxonomy":"post_tag","embeddable":true,"href":"https:\/\/iatse.net\/fr\/wp-json\/wp\/v2\/tags?post=1588"}],"curies":[{"name":"wp","href":"https:\/\/api.w.org\/{rel}","templated":true}]}}