  {"id":1756,"date":"2011-09-08T00:00:00","date_gmt":"2011-09-08T00:00:00","guid":{"rendered":"https:\/\/iatse.net\/2011\/09\/08\/iatse-endorses-nevada-afl-cio-resolution-supporting-protect-ip-act\/"},"modified":"2011-09-08T00:00:00","modified_gmt":"2011-09-08T00:00:00","slug":"iatse-endorses-nevada-afl-cio-resolution-supporting-protect-ip-act","status":"publish","type":"post","link":"https:\/\/iatse.net\/fr\/iatse-endorses-nevada-afl-cio-resolution-supporting-protect-ip-act\/","title":{"rendered":"L'ºìÌÒÊÓÆµsoutient la r\u00e9solution de l'AFL-CIO du Nevada en faveur de la loi sur la protection de la propri\u00e9t\u00e9 intellectuelle."},"content":{"rendered":"<p>New York - Le pr\u00e9sident international Matthew D. Loeb a apport\u00e9 son soutien le plus ferme \u00e0 une r\u00e9solution adopt\u00e9e par l'AFL-CIO de l'\u00c9tat du Nevada, qui demande au chef de la majorit\u00e9 du S\u00e9nat Harry Reid \"de mettre tout le pouvoir de son bureau\" pour soutenir la loi sur la protection de la propri\u00e9t\u00e9 intellectuelle. Le projet de loi propos\u00e9 vise \u00e0 prot\u00e9ger contre le vol num\u00e9rique de films, d'\u00e9missions de t\u00e9l\u00e9vision et de musique, qui co\u00fbte des milliards de dollars par an \u00e0 l'industrie du divertissement.<\/p>\n<p>La r\u00e9solution, soumise par les sections 720 et 363, a \u00e9t\u00e9 approuv\u00e9e \u00e0 l'unanimit\u00e9 lors de la 55e convention constitutionnelle annuelle de l'AFL-CIO de l'\u00c9tat du Nevada, qui s'est tenue en ao\u00fbt \u00e0 Reno. Il s'agit d'un autre effort pour que la loi sur la protection de la propri\u00e9t\u00e9 intellectuelle soit d\u00e9battue au S\u00e9nat.<\/p>\n<p>Le pr\u00e9sident Loeb a \u00e9galement not\u00e9 que l'implication des sections locales 720 et 363 est significative et d\u00e9montre que \"nos syndicats locaux et nos membres, d'un oc\u00e9an \u00e0 l'autre, se joignent \u00e0 la campagne contre le vol num\u00e9rique de toutes les mani\u00e8res possibles.\"<\/p>","protected":false},"excerpt":{"rendered":"<p>New York - Le pr\u00e9sident international Matthew D. Loeb a apport\u00e9 son soutien le plus ferme \u00e0 une r\u00e9solution adopt\u00e9e par l'AFL-CIO de l'\u00c9tat du Nevada, qui demande au chef de la majorit\u00e9 du S\u00e9nat Harry Reid [...].<\/p>","protected":false},"author":1,"featured_media":1729,"comment_status":"open","ping_status":"open","sticky":false,"template":"","format":"standard","meta":{"_acf_changed":false,"_monsterinsights_skip_tracking":false,"_monsterinsights_sitenote_active":false,"_monsterinsights_sitenote_note":"","_monsterinsights_sitenote_category":0,"footnotes":""},"categories":[8],"tags":[23],"yoast_head":"<!-- This site is optimized with the Yoast SEO plugin v23.5 - https:\/\/yoast.com\/wordpress\/plugins\/seo\/ -->\n<title>ºìÌÒÊÓÆµEndorses Nevada AFL-CIO Resolution Supporting Protect IP Act - IATSE<\/title>\n<meta name=\"robots\" content=\"index, follow, max-snippet:-1, max-image-preview:large, max-video-preview:-1\" \/>\n<link rel=\"canonical\" href=\"https:\/\/iatse.net\/fr\/iatse-endorses-nevada-afl-cio-resolution-supporting-protect-ip-act\/\" \/>\n<meta property=\"og:locale\" content=\"fr_CA\" \/>\n<meta property=\"og:type\" content=\"article\" \/>\n<meta property=\"og:title\" content=\"ºìÌÒÊÓÆµEndorses Nevada AFL-CIO Resolution Supporting Protect IP Act - IATSE\" \/>\n<meta property=\"og:description\" content=\"New York &#8211; International President Matthew D. Loeb has put his strongest support behind a resolution passed by the Nevada State AFL-CIO that calls on Senate Majority Leader Harry Reid [&hellip;]\" \/>\n<meta property=\"og:url\" content=\"https:\/\/iatse.net\/fr\/iatse-endorses-nevada-afl-cio-resolution-supporting-protect-ip-act\/\" \/>\n<meta property=\"og:site_name\" content=\"IATSE\" \/>\n<meta property=\"article:published_time\" content=\"2011-09-08T00:00:00+00:00\" \/>\n<meta property=\"og:image\" content=\"https:\/\/iatse.net\/wp-content\/uploads\/2021\/06\/2020-09-29-CleDebate-Union-And-Constitution-Forever-1.jpg\" \/>\n\t<meta property=\"og:image:width\" content=\"787\" \/>\n\t<meta property=\"og:image:height\" content=\"549\" \/>\n\t<meta property=\"og:image:type\" content=\"image\/jpeg\" \/>\n<meta name=\"author\" content=\"ºìÌÒÊÓÆµCommunications\" \/>\n<meta name=\"twitter:card\" content=\"summary_large_image\" \/>\n<meta name=\"twitter:label1\" content=\"\u00c9crit par\" \/>\n\t<meta name=\"twitter:data1\" content=\"ºìÌÒÊÓÆµCommunications\" \/>\n\t<meta name=\"twitter:label2\" content=\"Estimation du temps de lecture\" \/>\n\t<meta name=\"twitter:data2\" content=\"1 minute\" \/>\n<script type=\"application\/ld+json\" class=\"yoast-schema-graph\">{\"@context\":\"https:\/\/schema.org\",\"@graph\":[{\"@type\":\"Article\",\"@id\":\"https:\/\/iatse.net\/fr\/iatse-endorses-nevada-afl-cio-resolution-supporting-protect-ip-act\/#article\",\"isPartOf\":{\"@id\":\"https:\/\/iatse.net\/fr\/iatse-endorses-nevada-afl-cio-resolution-supporting-protect-ip-act\/\"},\"author\":{\"name\":\"ºìÌÒÊÓÆµCommunications\",\"@id\":\"https:\/\/iatse.net\/#\/schema\/person\/0f70e66471ace00026b129e85eb44df0\"},\"headline\":\"ºìÌÒÊÓÆµEndorses Nevada AFL-CIO Resolution Supporting Protect IP Act\",\"datePublished\":\"2011-09-08T00:00:00+00:00\",\"dateModified\":\"2011-09-08T00:00:00+00:00\",\"mainEntityOfPage\":{\"@id\":\"https:\/\/iatse.net\/fr\/iatse-endorses-nevada-afl-cio-resolution-supporting-protect-ip-act\/\"},\"wordCount\":159,\"commentCount\":0,\"publisher\":{\"@id\":\"https:\/\/iatse.net\/#organization\"},\"image\":{\"@id\":\"https:\/\/iatse.net\/fr\/iatse-endorses-nevada-afl-cio-resolution-supporting-protect-ip-act\/#primaryimage\"},\"thumbnailUrl\":\"https:\/\/iatse.net\/wp-content\/uploads\/2021\/06\/2020-09-29-CleDebate-Union-And-Constitution-Forever-1.jpg\",\"keywords\":[\"Political and Legislative\"],\"articleSection\":[\"News\"],\"inLanguage\":\"fr-CA\"},{\"@type\":\"WebPage\",\"@id\":\"https:\/\/iatse.net\/fr\/iatse-endorses-nevada-afl-cio-resolution-supporting-protect-ip-act\/\",\"url\":\"https:\/\/iatse.net\/fr\/iatse-endorses-nevada-afl-cio-resolution-supporting-protect-ip-act\/\",\"name\":\"ºìÌÒÊÓÆµEndorses Nevada AFL-CIO Resolution Supporting Protect IP Act - IATSE\",\"isPartOf\":{\"@id\":\"https:\/\/iatse.net\/#website\"},\"primaryImageOfPage\":{\"@id\":\"https:\/\/iatse.net\/fr\/iatse-endorses-nevada-afl-cio-resolution-supporting-protect-ip-act\/#primaryimage\"},\"image\":{\"@id\":\"https:\/\/iatse.net\/fr\/iatse-endorses-nevada-afl-cio-resolution-supporting-protect-ip-act\/#primaryimage\"},\"thumbnailUrl\":\"https:\/\/iatse.net\/wp-content\/uploads\/2021\/06\/2020-09-29-CleDebate-Union-And-Constitution-Forever-1.jpg\",\"datePublished\":\"2011-09-08T00:00:00+00:00\",\"dateModified\":\"2011-09-08T00:00:00+00:00\",\"breadcrumb\":{\"@id\":\"https:\/\/iatse.net\/fr\/iatse-endorses-nevada-afl-cio-resolution-supporting-protect-ip-act\/#breadcrumb\"},\"inLanguage\":\"fr-CA\",\"potentialAction\":[{\"@type\":\"ReadAction\",\"target\":[\"https:\/\/iatse.net\/fr\/iatse-endorses-nevada-afl-cio-resolution-supporting-protect-ip-act\/\"]}]},{\"@type\":\"ImageObject\",\"inLanguage\":\"fr-CA\",\"@id\":\"https:\/\/iatse.net\/fr\/iatse-endorses-nevada-afl-cio-resolution-supporting-protect-ip-act\/#primaryimage\",\"url\":\"https:\/\/iatse.net\/wp-content\/uploads\/2021\/06\/2020-09-29-CleDebate-Union-And-Constitution-Forever-1.jpg\",\"contentUrl\":\"https:\/\/iatse.net\/wp-content\/uploads\/2021\/06\/2020-09-29-CleDebate-Union-And-Constitution-Forever-1.jpg\",\"width\":787,\"height\":549,\"caption\":\"ºìÌÒÊÓÆµGeneral Board Endorses Obama 2nd Term\"},{\"@type\":\"BreadcrumbList\",\"@id\":\"https:\/\/iatse.net\/fr\/iatse-endorses-nevada-afl-cio-resolution-supporting-protect-ip-act\/#breadcrumb\",\"itemListElement\":[{\"@type\":\"ListItem\",\"position\":1,\"name\":\"Home\",\"item\":\"https:\/\/iatse.net\/\"},{\"@type\":\"ListItem\",\"position\":2,\"name\":\"ºìÌÒÊÓÆµEndorses Nevada AFL-CIO Resolution Supporting Protect IP Act\"}]},{\"@type\":\"WebSite\",\"@id\":\"https:\/\/iatse.net\/#website\",\"url\":\"https:\/\/iatse.net\/\",\"name\":\"IATSE\",\"description\":\"The Union Behind Entertainment\",\"publisher\":{\"@id\":\"https:\/\/iatse.net\/#organization\"},\"potentialAction\":[{\"@type\":\"SearchAction\",\"target\":{\"@type\":\"EntryPoint\",\"urlTemplate\":\"https:\/\/iatse.net\/?s={search_term_string}\"},\"query-input\":{\"@type\":\"PropertyValueSpecification\",\"valueRequired\":true,\"valueName\":\"search_term_string\"}}],\"inLanguage\":\"fr-CA\"},{\"@type\":\"Organization\",\"@id\":\"https:\/\/iatse.net\/#organization\",\"name\":\"IATSE\",\"url\":\"https:\/\/iatse.net\/\",\"logo\":{\"@type\":\"ImageObject\",\"inLanguage\":\"fr-CA\",\"@id\":\"https:\/\/iatse.net\/#\/schema\/logo\/image\/\",\"url\":\"https:\/\/iatse.net\/wp-content\/uploads\/2021\/03\/IATSE_Logo_White.png\",\"contentUrl\":\"https:\/\/iatse.net\/wp-content\/uploads\/2021\/03\/IATSE_Logo_White.png\",\"width\":2100,\"height\":1987,\"caption\":\"IATSE\"},\"image\":{\"@id\":\"https:\/\/iatse.net\/#\/schema\/logo\/image\/\"}},{\"@type\":\"Person\",\"@id\":\"https:\/\/iatse.net\/#\/schema\/person\/0f70e66471ace00026b129e85eb44df0\",\"name\":\"ºìÌÒÊÓÆµCommunications\",\"image\":{\"@type\":\"ImageObject\",\"inLanguage\":\"fr-CA\",\"@id\":\"https:\/\/iatse.net\/#\/schema\/person\/image\/\",\"url\":\"https:\/\/secure.gravatar.com\/avatar\/35aecdeea9e9584c91ca1675b0997004?s=96&d=mm&r=g\",\"contentUrl\":\"https:\/\/secure.gravatar.com\/avatar\/35aecdeea9e9584c91ca1675b0997004?s=96&d=mm&r=g\",\"caption\":\"ºìÌÒÊÓÆµCommunications\"},\"sameAs\":[\"https:\/\/iatse.net\"],\"url\":\"https:\/\/iatse.net\/fr\/author\/communications\/\"}]}<\/script>\n<!-- \/ Yoast SEO plugin. -->","yoast_head_json":{"title":"ºìÌÒÊÓÆµEndorses Nevada AFL-CIO Resolution Supporting Protect IP Act - IATSE","robots":{"index":"index","follow":"follow","max-snippet":"max-snippet:-1","max-image-preview":"max-image-preview:large","max-video-preview":"max-video-preview:-1"},"canonical":"https:\/\/iatse.net\/fr\/iatse-endorses-nevada-afl-cio-resolution-supporting-protect-ip-act\/","og_locale":"fr_CA","og_type":"article","og_title":"ºìÌÒÊÓÆµEndorses Nevada AFL-CIO Resolution Supporting Protect IP Act - IATSE","og_description":"New York &#8211; International President Matthew D. Loeb has put his strongest support behind a resolution passed by the Nevada State AFL-CIO that calls on Senate Majority Leader Harry Reid [&hellip;]","og_url":"https:\/\/iatse.net\/fr\/iatse-endorses-nevada-afl-cio-resolution-supporting-protect-ip-act\/","og_site_name":"IATSE","article_published_time":"2011-09-08T00:00:00+00:00","og_image":[{"width":787,"height":549,"url":"https:\/\/iatse.net\/wp-content\/uploads\/2021\/06\/2020-09-29-CleDebate-Union-And-Constitution-Forever-1.jpg","type":"image\/jpeg"}],"author":"ºìÌÒÊÓÆµCommunications","twitter_card":"summary_large_image","twitter_misc":{"\u00c9crit par":"ºìÌÒÊÓÆµCommunications","Estimation du temps de lecture":"1 minute"},"schema":{"@context":"https:\/\/schema.org","@graph":[{"@type":"Article","@id":"https:\/\/iatse.net\/fr\/iatse-endorses-nevada-afl-cio-resolution-supporting-protect-ip-act\/#article","isPartOf":{"@id":"https:\/\/iatse.net\/fr\/iatse-endorses-nevada-afl-cio-resolution-supporting-protect-ip-act\/"},"author":{"name":"ºìÌÒÊÓÆµCommunications","@id":"https:\/\/iatse.net\/#\/schema\/person\/0f70e66471ace00026b129e85eb44df0"},"headline":"ºìÌÒÊÓÆµEndorses Nevada AFL-CIO Resolution Supporting Protect IP Act","datePublished":"2011-09-08T00:00:00+00:00","dateModified":"2011-09-08T00:00:00+00:00","mainEntityOfPage":{"@id":"https:\/\/iatse.net\/fr\/iatse-endorses-nevada-afl-cio-resolution-supporting-protect-ip-act\/"},"wordCount":159,"commentCount":0,"publisher":{"@id":"https:\/\/iatse.net\/#organization"},"image":{"@id":"https:\/\/iatse.net\/fr\/iatse-endorses-nevada-afl-cio-resolution-supporting-protect-ip-act\/#primaryimage"},"thumbnailUrl":"https:\/\/iatse.net\/wp-content\/uploads\/2021\/06\/2020-09-29-CleDebate-Union-And-Constitution-Forever-1.jpg","keywords":["Political and Legislative"],"articleSection":["News"],"inLanguage":"fr-CA"},{"@type":"WebPage","@id":"https:\/\/iatse.net\/fr\/iatse-endorses-nevada-afl-cio-resolution-supporting-protect-ip-act\/","url":"https:\/\/iatse.net\/fr\/iatse-endorses-nevada-afl-cio-resolution-supporting-protect-ip-act\/","name":"ºìÌÒÊÓÆµEndorses Nevada AFL-CIO Resolution Supporting Protect IP Act - IATSE","isPartOf":{"@id":"https:\/\/iatse.net\/#website"},"primaryImageOfPage":{"@id":"https:\/\/iatse.net\/fr\/iatse-endorses-nevada-afl-cio-resolution-supporting-protect-ip-act\/#primaryimage"},"image":{"@id":"https:\/\/iatse.net\/fr\/iatse-endorses-nevada-afl-cio-resolution-supporting-protect-ip-act\/#primaryimage"},"thumbnailUrl":"https:\/\/iatse.net\/wp-content\/uploads\/2021\/06\/2020-09-29-CleDebate-Union-And-Constitution-Forever-1.jpg","datePublished":"2011-09-08T00:00:00+00:00","dateModified":"2011-09-08T00:00:00+00:00","breadcrumb":{"@id":"https:\/\/iatse.net\/fr\/iatse-endorses-nevada-afl-cio-resolution-supporting-protect-ip-act\/#breadcrumb"},"inLanguage":"fr-CA","potentialAction":[{"@type":"ReadAction","target":["https:\/\/iatse.net\/fr\/iatse-endorses-nevada-afl-cio-resolution-supporting-protect-ip-act\/"]}]},{"@type":"ImageObject","inLanguage":"fr-CA","@id":"https:\/\/iatse.net\/fr\/iatse-endorses-nevada-afl-cio-resolution-supporting-protect-ip-act\/#primaryimage","url":"https:\/\/iatse.net\/wp-content\/uploads\/2021\/06\/2020-09-29-CleDebate-Union-And-Constitution-Forever-1.jpg","contentUrl":"https:\/\/iatse.net\/wp-content\/uploads\/2021\/06\/2020-09-29-CleDebate-Union-And-Constitution-Forever-1.jpg","width":787,"height":549,"caption":"ºìÌÒÊÓÆµGeneral Board Endorses Obama 2nd Term"},{"@type":"BreadcrumbList","@id":"https:\/\/iatse.net\/fr\/iatse-endorses-nevada-afl-cio-resolution-supporting-protect-ip-act\/#breadcrumb","itemListElement":[{"@type":"ListItem","position":1,"name":"Home","item":"https:\/\/iatse.net\/"},{"@type":"ListItem","position":2,"name":"ºìÌÒÊÓÆµEndorses Nevada AFL-CIO Resolution Supporting Protect IP Act"}]},{"@type":"WebSite","@id":"https:\/\/iatse.net\/#website","url":"https:\/\/iatse.net\/","name":"IATSE","description":"The Union Behind Entertainment","publisher":{"@id":"https:\/\/iatse.net\/#organization"},"potentialAction":[{"@type":"SearchAction","target":{"@type":"EntryPoint","urlTemplate":"https:\/\/iatse.net\/?s={search_term_string}"},"query-input":{"@type":"PropertyValueSpecification","valueRequired":true,"valueName":"search_term_string"}}],"inLanguage":"fr-CA"},{"@type":"Organization","@id":"https:\/\/iatse.net\/#organization","name":"IATSE","url":"https:\/\/iatse.net\/","logo":{"@type":"ImageObject","inLanguage":"fr-CA","@id":"https:\/\/iatse.net\/#\/schema\/logo\/image\/","url":"https:\/\/iatse.net\/wp-content\/uploads\/2021\/03\/IATSE_Logo_White.png","contentUrl":"https:\/\/iatse.net\/wp-content\/uploads\/2021\/03\/IATSE_Logo_White.png","width":2100,"height":1987,"caption":"IATSE"},"image":{"@id":"https:\/\/iatse.net\/#\/schema\/logo\/image\/"}},{"@type":"Person","@id":"https:\/\/iatse.net\/#\/schema\/person\/0f70e66471ace00026b129e85eb44df0","name":"ºìÌÒÊÓÆµCommunications","image":{"@type":"ImageObject","inLanguage":"fr-CA","@id":"https:\/\/iatse.net\/#\/schema\/person\/image\/","url":"https:\/\/secure.gravatar.com\/avatar\/35aecdeea9e9584c91ca1675b0997004?s=96&d=mm&r=g","contentUrl":"https:\/\/secure.gravatar.com\/avatar\/35aecdeea9e9584c91ca1675b0997004?s=96&d=mm&r=g","caption":"ºìÌÒÊÓÆµCommunications"},"sameAs":["https:\/\/iatse.net"],"url":"https:\/\/iatse.net\/fr\/author\/communications\/"}]}},"acf":[],"_links":{"self":[{"href":"https:\/\/iatse.net\/fr\/wp-json\/wp\/v2\/posts\/1756"}],"collection":[{"href":"https:\/\/iatse.net\/fr\/wp-json\/wp\/v2\/posts"}],"about":[{"href":"https:\/\/iatse.net\/fr\/wp-json\/wp\/v2\/types\/post"}],"author":[{"embeddable":true,"href":"https:\/\/iatse.net\/fr\/wp-json\/wp\/v2\/users\/1"}],"replies":[{"embeddable":true,"href":"https:\/\/iatse.net\/fr\/wp-json\/wp\/v2\/comments?post=1756"}],"version-history":[{"count":0,"href":"https:\/\/iatse.net\/fr\/wp-json\/wp\/v2\/posts\/1756\/revisions"}],"wp:featuredmedia":[{"embeddable":true,"href":"https:\/\/iatse.net\/fr\/wp-json\/wp\/v2\/media\/1729"}],"wp:attachment":[{"href":"https:\/\/iatse.net\/fr\/wp-json\/wp\/v2\/media?parent=1756"}],"wp:term":[{"taxonomy":"category","embeddable":true,"href":"https:\/\/iatse.net\/fr\/wp-json\/wp\/v2\/categories?post=1756"},{"taxonomy":"post_tag","embeddable":true,"href":"https:\/\/iatse.net\/fr\/wp-json\/wp\/v2\/tags?post=1756"}],"curies":[{"name":"wp","href":"https:\/\/api.w.org\/{rel}","templated":true}]}}