  {"id":1769,"date":"2010-01-27T00:00:00","date_gmt":"2010-01-27T00:00:00","guid":{"rendered":"https:\/\/iatse.net\/2010\/01\/27\/ia-pac-raises-over-11000-at-mid-winter-meeting\/"},"modified":"2021-06-21T14:33:17","modified_gmt":"2021-06-21T18:33:17","slug":"ia-pac-raises-over-11000-at-mid-winter-meeting","status":"publish","type":"post","link":"https:\/\/iatse.net\/fr\/ia-pac-raises-over-11000-at-mid-winter-meeting\/","title":{"rendered":"L'IA PAC L\u00c8VE PLUS D'$11 000 \u00c0 L'OCCASION D'UNE R\u00c9UNION D'HIVER"},"content":{"rendered":"<p>Le comit\u00e9 d'action politique de l'ºìÌÒÊÓÆµa r\u00e9colt\u00e9 plus de $11 000 lors d'un \u00e9v\u00e9nement qui s'est tenu \u00e0 l'h\u00f4tel Sheraton d'Austin ce soir, pendant la r\u00e9union du conseil ex\u00e9cutif g\u00e9n\u00e9ral de l'IA \u00e0 la mi-hiver.  La r\u00e9ception a \u00e9t\u00e9 suivie par des dirigeants et des repr\u00e9sentants de l'Alliance ainsi que par des repr\u00e9sentants et des dirigeants de syndicats locaux de toutes les r\u00e9gions des \u00c9tats-Unis et du Canada.  La r\u00e9union du Conseil est organis\u00e9e par les sections locales 205, 484, 600, 700 et 800.<\/p>\n<p>Le pr\u00e9sident international Matthew D. Loeb a d\u00e9clar\u00e9 : \"Nous sommes confront\u00e9s \u00e0 d'\u00e9normes d\u00e9fis au cours de l'ann\u00e9e \u00e0 venir, et il est essentiel que les membres du syndicat restent inform\u00e9s et actifs dans le paysage politique.  Il est essentiel pour nous de soutenir les candidats qui sont pr\u00eats \u00e0 voter pour des lois qui aident les familles de travailleurs.  Le PAC de l'IA est un moyen pour les individus de s'engager dans ce processus\".<\/p>","protected":false},"excerpt":{"rendered":"<p>Le comit\u00e9 d'action politique de l'ºìÌÒÊÓÆµa r\u00e9colt\u00e9 plus de $11 000 lors d'un \u00e9v\u00e9nement qui s'est tenu \u00e0 l'h\u00f4tel Sheraton d'Austin ce soir pendant la r\u00e9union du conseil ex\u00e9cutif g\u00e9n\u00e9ral de l'IA au milieu de l'hiver.  La r\u00e9ception a \u00e9t\u00e9 suivie [...]<\/p>","protected":false},"author":1,"featured_media":1729,"comment_status":"open","ping_status":"open","sticky":false,"template":"","format":"standard","meta":{"_acf_changed":false,"_monsterinsights_skip_tracking":false,"_monsterinsights_sitenote_active":false,"_monsterinsights_sitenote_note":"","_monsterinsights_sitenote_category":0,"footnotes":""},"categories":[8],"tags":[23],"yoast_head":"<!-- This site is optimized with the Yoast SEO plugin v23.5 - https:\/\/yoast.com\/wordpress\/plugins\/seo\/ -->\n<title>IA PAC RAISES OVER $11,000 AT MID-WINTER MEETING - IATSE<\/title>\n<meta name=\"robots\" content=\"index, follow, max-snippet:-1, max-image-preview:large, max-video-preview:-1\" \/>\n<link rel=\"canonical\" href=\"https:\/\/iatse.net\/fr\/ia-pac-raises-over-11000-at-mid-winter-meeting\/\" \/>\n<meta property=\"og:locale\" content=\"fr_CA\" \/>\n<meta property=\"og:type\" content=\"article\" \/>\n<meta property=\"og:title\" content=\"IA PAC RAISES OVER $11,000 AT MID-WINTER MEETING - IATSE\" \/>\n<meta property=\"og:description\" content=\"The ºìÌÒÊÓÆµPolitical Action Committee raised over $11,000 at an event held at the Sheraton Austin Hotel tonight during the IA\u2019s Mid-Winter General Executive Board Meeting. \u00a0The reception was attended [&hellip;]\" \/>\n<meta property=\"og:url\" content=\"https:\/\/iatse.net\/fr\/ia-pac-raises-over-11000-at-mid-winter-meeting\/\" \/>\n<meta property=\"og:site_name\" content=\"IATSE\" \/>\n<meta property=\"article:published_time\" content=\"2010-01-27T00:00:00+00:00\" \/>\n<meta property=\"article:modified_time\" content=\"2021-06-21T18:33:17+00:00\" \/>\n<meta property=\"og:image\" content=\"https:\/\/iatse.net\/wp-content\/uploads\/2021\/06\/2020-09-29-CleDebate-Union-And-Constitution-Forever-1.jpg\" \/>\n\t<meta property=\"og:image:width\" content=\"787\" \/>\n\t<meta property=\"og:image:height\" content=\"549\" \/>\n\t<meta property=\"og:image:type\" content=\"image\/jpeg\" \/>\n<meta name=\"author\" content=\"ºìÌÒÊÓÆµCommunications\" \/>\n<meta name=\"twitter:card\" content=\"summary_large_image\" \/>\n<meta name=\"twitter:label1\" content=\"\u00c9crit par\" \/>\n\t<meta name=\"twitter:data1\" content=\"ºìÌÒÊÓÆµCommunications\" \/>\n\t<meta name=\"twitter:label2\" content=\"Estimation du temps de lecture\" \/>\n\t<meta name=\"twitter:data2\" content=\"1 minute\" \/>\n<script type=\"application\/ld+json\" class=\"yoast-schema-graph\">{\"@context\":\"https:\/\/schema.org\",\"@graph\":[{\"@type\":\"Article\",\"@id\":\"https:\/\/iatse.net\/fr\/ia-pac-raises-over-11000-at-mid-winter-meeting\/#article\",\"isPartOf\":{\"@id\":\"https:\/\/iatse.net\/fr\/ia-pac-raises-over-11000-at-mid-winter-meeting\/\"},\"author\":{\"name\":\"ºìÌÒÊÓÆµCommunications\",\"@id\":\"https:\/\/iatse.net\/#\/schema\/person\/0f70e66471ace00026b129e85eb44df0\"},\"headline\":\"IA PAC RAISES OVER $11,000 AT MID-WINTER MEETING\",\"datePublished\":\"2010-01-27T00:00:00+00:00\",\"dateModified\":\"2021-06-21T18:33:17+00:00\",\"mainEntityOfPage\":{\"@id\":\"https:\/\/iatse.net\/fr\/ia-pac-raises-over-11000-at-mid-winter-meeting\/\"},\"wordCount\":131,\"commentCount\":0,\"publisher\":{\"@id\":\"https:\/\/iatse.net\/#organization\"},\"image\":{\"@id\":\"https:\/\/iatse.net\/fr\/ia-pac-raises-over-11000-at-mid-winter-meeting\/#primaryimage\"},\"thumbnailUrl\":\"https:\/\/iatse.net\/wp-content\/uploads\/2021\/06\/2020-09-29-CleDebate-Union-And-Constitution-Forever-1.jpg\",\"keywords\":[\"Political and Legislative\"],\"articleSection\":[\"News\"],\"inLanguage\":\"fr-CA\"},{\"@type\":\"WebPage\",\"@id\":\"https:\/\/iatse.net\/fr\/ia-pac-raises-over-11000-at-mid-winter-meeting\/\",\"url\":\"https:\/\/iatse.net\/fr\/ia-pac-raises-over-11000-at-mid-winter-meeting\/\",\"name\":\"IA PAC RAISES OVER $11,000 AT MID-WINTER MEETING - IATSE\",\"isPartOf\":{\"@id\":\"https:\/\/iatse.net\/#website\"},\"primaryImageOfPage\":{\"@id\":\"https:\/\/iatse.net\/fr\/ia-pac-raises-over-11000-at-mid-winter-meeting\/#primaryimage\"},\"image\":{\"@id\":\"https:\/\/iatse.net\/fr\/ia-pac-raises-over-11000-at-mid-winter-meeting\/#primaryimage\"},\"thumbnailUrl\":\"https:\/\/iatse.net\/wp-content\/uploads\/2021\/06\/2020-09-29-CleDebate-Union-And-Constitution-Forever-1.jpg\",\"datePublished\":\"2010-01-27T00:00:00+00:00\",\"dateModified\":\"2021-06-21T18:33:17+00:00\",\"breadcrumb\":{\"@id\":\"https:\/\/iatse.net\/fr\/ia-pac-raises-over-11000-at-mid-winter-meeting\/#breadcrumb\"},\"inLanguage\":\"fr-CA\",\"potentialAction\":[{\"@type\":\"ReadAction\",\"target\":[\"https:\/\/iatse.net\/fr\/ia-pac-raises-over-11000-at-mid-winter-meeting\/\"]}]},{\"@type\":\"ImageObject\",\"inLanguage\":\"fr-CA\",\"@id\":\"https:\/\/iatse.net\/fr\/ia-pac-raises-over-11000-at-mid-winter-meeting\/#primaryimage\",\"url\":\"https:\/\/iatse.net\/wp-content\/uploads\/2021\/06\/2020-09-29-CleDebate-Union-And-Constitution-Forever-1.jpg\",\"contentUrl\":\"https:\/\/iatse.net\/wp-content\/uploads\/2021\/06\/2020-09-29-CleDebate-Union-And-Constitution-Forever-1.jpg\",\"width\":787,\"height\":549,\"caption\":\"ºìÌÒÊÓÆµGeneral Board Endorses Obama 2nd Term\"},{\"@type\":\"BreadcrumbList\",\"@id\":\"https:\/\/iatse.net\/fr\/ia-pac-raises-over-11000-at-mid-winter-meeting\/#breadcrumb\",\"itemListElement\":[{\"@type\":\"ListItem\",\"position\":1,\"name\":\"Home\",\"item\":\"https:\/\/iatse.net\/\"},{\"@type\":\"ListItem\",\"position\":2,\"name\":\"IA PAC RAISES OVER $11,000 AT MID-WINTER MEETING\"}]},{\"@type\":\"WebSite\",\"@id\":\"https:\/\/iatse.net\/#website\",\"url\":\"https:\/\/iatse.net\/\",\"name\":\"IATSE\",\"description\":\"The Union Behind Entertainment\",\"publisher\":{\"@id\":\"https:\/\/iatse.net\/#organization\"},\"potentialAction\":[{\"@type\":\"SearchAction\",\"target\":{\"@type\":\"EntryPoint\",\"urlTemplate\":\"https:\/\/iatse.net\/?s={search_term_string}\"},\"query-input\":{\"@type\":\"PropertyValueSpecification\",\"valueRequired\":true,\"valueName\":\"search_term_string\"}}],\"inLanguage\":\"fr-CA\"},{\"@type\":\"Organization\",\"@id\":\"https:\/\/iatse.net\/#organization\",\"name\":\"IATSE\",\"url\":\"https:\/\/iatse.net\/\",\"logo\":{\"@type\":\"ImageObject\",\"inLanguage\":\"fr-CA\",\"@id\":\"https:\/\/iatse.net\/#\/schema\/logo\/image\/\",\"url\":\"https:\/\/iatse.net\/wp-content\/uploads\/2021\/03\/IATSE_Logo_White.png\",\"contentUrl\":\"https:\/\/iatse.net\/wp-content\/uploads\/2021\/03\/IATSE_Logo_White.png\",\"width\":2100,\"height\":1987,\"caption\":\"IATSE\"},\"image\":{\"@id\":\"https:\/\/iatse.net\/#\/schema\/logo\/image\/\"}},{\"@type\":\"Person\",\"@id\":\"https:\/\/iatse.net\/#\/schema\/person\/0f70e66471ace00026b129e85eb44df0\",\"name\":\"ºìÌÒÊÓÆµCommunications\",\"image\":{\"@type\":\"ImageObject\",\"inLanguage\":\"fr-CA\",\"@id\":\"https:\/\/iatse.net\/#\/schema\/person\/image\/\",\"url\":\"https:\/\/secure.gravatar.com\/avatar\/35aecdeea9e9584c91ca1675b0997004?s=96&d=mm&r=g\",\"contentUrl\":\"https:\/\/secure.gravatar.com\/avatar\/35aecdeea9e9584c91ca1675b0997004?s=96&d=mm&r=g\",\"caption\":\"ºìÌÒÊÓÆµCommunications\"},\"sameAs\":[\"https:\/\/iatse.net\"],\"url\":\"https:\/\/iatse.net\/fr\/author\/communications\/\"}]}<\/script>\n<!-- \/ Yoast SEO plugin. -->","yoast_head_json":{"title":"IA PAC RAISES OVER $11,000 AT MID-WINTER MEETING - IATSE","robots":{"index":"index","follow":"follow","max-snippet":"max-snippet:-1","max-image-preview":"max-image-preview:large","max-video-preview":"max-video-preview:-1"},"canonical":"https:\/\/iatse.net\/fr\/ia-pac-raises-over-11000-at-mid-winter-meeting\/","og_locale":"fr_CA","og_type":"article","og_title":"IA PAC RAISES OVER $11,000 AT MID-WINTER MEETING - IATSE","og_description":"The ºìÌÒÊÓÆµPolitical Action Committee raised over $11,000 at an event held at the Sheraton Austin Hotel tonight during the IA\u2019s Mid-Winter General Executive Board Meeting. \u00a0The reception was attended [&hellip;]","og_url":"https:\/\/iatse.net\/fr\/ia-pac-raises-over-11000-at-mid-winter-meeting\/","og_site_name":"IATSE","article_published_time":"2010-01-27T00:00:00+00:00","article_modified_time":"2021-06-21T18:33:17+00:00","og_image":[{"width":787,"height":549,"url":"https:\/\/iatse.net\/wp-content\/uploads\/2021\/06\/2020-09-29-CleDebate-Union-And-Constitution-Forever-1.jpg","type":"image\/jpeg"}],"author":"ºìÌÒÊÓÆµCommunications","twitter_card":"summary_large_image","twitter_misc":{"\u00c9crit par":"ºìÌÒÊÓÆµCommunications","Estimation du temps de lecture":"1 minute"},"schema":{"@context":"https:\/\/schema.org","@graph":[{"@type":"Article","@id":"https:\/\/iatse.net\/fr\/ia-pac-raises-over-11000-at-mid-winter-meeting\/#article","isPartOf":{"@id":"https:\/\/iatse.net\/fr\/ia-pac-raises-over-11000-at-mid-winter-meeting\/"},"author":{"name":"ºìÌÒÊÓÆµCommunications","@id":"https:\/\/iatse.net\/#\/schema\/person\/0f70e66471ace00026b129e85eb44df0"},"headline":"IA PAC RAISES OVER $11,000 AT MID-WINTER MEETING","datePublished":"2010-01-27T00:00:00+00:00","dateModified":"2021-06-21T18:33:17+00:00","mainEntityOfPage":{"@id":"https:\/\/iatse.net\/fr\/ia-pac-raises-over-11000-at-mid-winter-meeting\/"},"wordCount":131,"commentCount":0,"publisher":{"@id":"https:\/\/iatse.net\/#organization"},"image":{"@id":"https:\/\/iatse.net\/fr\/ia-pac-raises-over-11000-at-mid-winter-meeting\/#primaryimage"},"thumbnailUrl":"https:\/\/iatse.net\/wp-content\/uploads\/2021\/06\/2020-09-29-CleDebate-Union-And-Constitution-Forever-1.jpg","keywords":["Political and Legislative"],"articleSection":["News"],"inLanguage":"fr-CA"},{"@type":"WebPage","@id":"https:\/\/iatse.net\/fr\/ia-pac-raises-over-11000-at-mid-winter-meeting\/","url":"https:\/\/iatse.net\/fr\/ia-pac-raises-over-11000-at-mid-winter-meeting\/","name":"IA PAC RAISES OVER $11,000 AT MID-WINTER MEETING - IATSE","isPartOf":{"@id":"https:\/\/iatse.net\/#website"},"primaryImageOfPage":{"@id":"https:\/\/iatse.net\/fr\/ia-pac-raises-over-11000-at-mid-winter-meeting\/#primaryimage"},"image":{"@id":"https:\/\/iatse.net\/fr\/ia-pac-raises-over-11000-at-mid-winter-meeting\/#primaryimage"},"thumbnailUrl":"https:\/\/iatse.net\/wp-content\/uploads\/2021\/06\/2020-09-29-CleDebate-Union-And-Constitution-Forever-1.jpg","datePublished":"2010-01-27T00:00:00+00:00","dateModified":"2021-06-21T18:33:17+00:00","breadcrumb":{"@id":"https:\/\/iatse.net\/fr\/ia-pac-raises-over-11000-at-mid-winter-meeting\/#breadcrumb"},"inLanguage":"fr-CA","potentialAction":[{"@type":"ReadAction","target":["https:\/\/iatse.net\/fr\/ia-pac-raises-over-11000-at-mid-winter-meeting\/"]}]},{"@type":"ImageObject","inLanguage":"fr-CA","@id":"https:\/\/iatse.net\/fr\/ia-pac-raises-over-11000-at-mid-winter-meeting\/#primaryimage","url":"https:\/\/iatse.net\/wp-content\/uploads\/2021\/06\/2020-09-29-CleDebate-Union-And-Constitution-Forever-1.jpg","contentUrl":"https:\/\/iatse.net\/wp-content\/uploads\/2021\/06\/2020-09-29-CleDebate-Union-And-Constitution-Forever-1.jpg","width":787,"height":549,"caption":"ºìÌÒÊÓÆµGeneral Board Endorses Obama 2nd Term"},{"@type":"BreadcrumbList","@id":"https:\/\/iatse.net\/fr\/ia-pac-raises-over-11000-at-mid-winter-meeting\/#breadcrumb","itemListElement":[{"@type":"ListItem","position":1,"name":"Home","item":"https:\/\/iatse.net\/"},{"@type":"ListItem","position":2,"name":"IA PAC RAISES OVER $11,000 AT MID-WINTER MEETING"}]},{"@type":"WebSite","@id":"https:\/\/iatse.net\/#website","url":"https:\/\/iatse.net\/","name":"IATSE","description":"The Union Behind Entertainment","publisher":{"@id":"https:\/\/iatse.net\/#organization"},"potentialAction":[{"@type":"SearchAction","target":{"@type":"EntryPoint","urlTemplate":"https:\/\/iatse.net\/?s={search_term_string}"},"query-input":{"@type":"PropertyValueSpecification","valueRequired":true,"valueName":"search_term_string"}}],"inLanguage":"fr-CA"},{"@type":"Organization","@id":"https:\/\/iatse.net\/#organization","name":"IATSE","url":"https:\/\/iatse.net\/","logo":{"@type":"ImageObject","inLanguage":"fr-CA","@id":"https:\/\/iatse.net\/#\/schema\/logo\/image\/","url":"https:\/\/iatse.net\/wp-content\/uploads\/2021\/03\/IATSE_Logo_White.png","contentUrl":"https:\/\/iatse.net\/wp-content\/uploads\/2021\/03\/IATSE_Logo_White.png","width":2100,"height":1987,"caption":"IATSE"},"image":{"@id":"https:\/\/iatse.net\/#\/schema\/logo\/image\/"}},{"@type":"Person","@id":"https:\/\/iatse.net\/#\/schema\/person\/0f70e66471ace00026b129e85eb44df0","name":"ºìÌÒÊÓÆµCommunications","image":{"@type":"ImageObject","inLanguage":"fr-CA","@id":"https:\/\/iatse.net\/#\/schema\/person\/image\/","url":"https:\/\/secure.gravatar.com\/avatar\/35aecdeea9e9584c91ca1675b0997004?s=96&d=mm&r=g","contentUrl":"https:\/\/secure.gravatar.com\/avatar\/35aecdeea9e9584c91ca1675b0997004?s=96&d=mm&r=g","caption":"ºìÌÒÊÓÆµCommunications"},"sameAs":["https:\/\/iatse.net"],"url":"https:\/\/iatse.net\/fr\/author\/communications\/"}]}},"acf":[],"_links":{"self":[{"href":"https:\/\/iatse.net\/fr\/wp-json\/wp\/v2\/posts\/1769"}],"collection":[{"href":"https:\/\/iatse.net\/fr\/wp-json\/wp\/v2\/posts"}],"about":[{"href":"https:\/\/iatse.net\/fr\/wp-json\/wp\/v2\/types\/post"}],"author":[{"embeddable":true,"href":"https:\/\/iatse.net\/fr\/wp-json\/wp\/v2\/users\/1"}],"replies":[{"embeddable":true,"href":"https:\/\/iatse.net\/fr\/wp-json\/wp\/v2\/comments?post=1769"}],"version-history":[{"count":1,"href":"https:\/\/iatse.net\/fr\/wp-json\/wp\/v2\/posts\/1769\/revisions"}],"predecessor-version":[{"id":3437,"href":"https:\/\/iatse.net\/fr\/wp-json\/wp\/v2\/posts\/1769\/revisions\/3437"}],"wp:featuredmedia":[{"embeddable":true,"href":"https:\/\/iatse.net\/fr\/wp-json\/wp\/v2\/media\/1729"}],"wp:attachment":[{"href":"https:\/\/iatse.net\/fr\/wp-json\/wp\/v2\/media?parent=1769"}],"wp:term":[{"taxonomy":"category","embeddable":true,"href":"https:\/\/iatse.net\/fr\/wp-json\/wp\/v2\/categories?post=1769"},{"taxonomy":"post_tag","embeddable":true,"href":"https:\/\/iatse.net\/fr\/wp-json\/wp\/v2\/tags?post=1769"}],"curies":[{"name":"wp","href":"https:\/\/api.w.org\/{rel}","templated":true}]}}