  {"id":1815,"date":"2008-05-28T00:00:00","date_gmt":"2008-05-28T00:00:00","guid":{"rendered":"https:\/\/iatse.net\/2008\/05\/28\/iatse-president-short-lauds-aftra-on-agreement\/"},"modified":"2021-06-14T13:37:33","modified_gmt":"2021-06-14T13:37:33","slug":"iatse-president-short-lauds-aftra-on-agreement","status":"publish","type":"post","link":"https:\/\/iatse.net\/fr\/iatse-president-short-lauds-aftra-on-agreement\/","title":{"rendered":"Le pr\u00e9sident de l'IATSE, Short, salue l'accord conclu avec l'AFTRA"},"content":{"rendered":"<p>New York - En r\u00e9ponse \u00e0 l'annonce que l'AFTRA a conclu un accord de principe avec l'Association of Motion Picture and Television Producers concernant un nouveau contrat pour les heures de grande \u00e9coute, Thomas C. Short, pr\u00e9sident de l'IATSE, a publi\u00e9 la d\u00e9claration suivante :<\/p>\n<p><em>L'I.A.T.S.E. f\u00e9licite l'accord de principe n\u00e9goci\u00e9 par l'AFTRA\/AMPTP. Cet accord de principe d\u00e9montre les d\u00e9fis difficiles auxquels sont confront\u00e9s les probl\u00e8mes complexes de notre industrie, lorsque les parties responsables font passer les travailleurs en premier, les r\u00e9sultats sont g\u00e9n\u00e9ralement positifs. Cet accord d\u00e9montre clairement que cette approche est couronn\u00e9e de succ\u00e8s. J'offre mes f\u00e9licitations personnelles au leadership exceptionnel de Roberta Reardon, Kim Roberts Hedgpeth et de l'ensemble du comit\u00e9 de n\u00e9gociation de l'AFTRA.<\/em><\/p>","protected":false},"excerpt":{"rendered":"<p>New York - En r\u00e9ponse \u00e0 l'annonce que l'AFTRA a conclu un accord de principe avec l'Association des producteurs de films et de t\u00e9l\u00e9vision concernant un nouveau contrat pour les heures de grande \u00e9coute, [...]<\/p>","protected":false},"author":1,"featured_media":1522,"comment_status":"open","ping_status":"open","sticky":false,"template":"","format":"standard","meta":{"_acf_changed":false,"_monsterinsights_skip_tracking":false,"_monsterinsights_sitenote_active":false,"_monsterinsights_sitenote_note":"","_monsterinsights_sitenote_category":0,"footnotes":""},"categories":[8],"tags":[20],"yoast_head":"<!-- This site is optimized with the Yoast SEO plugin v23.5 - https:\/\/yoast.com\/wordpress\/plugins\/seo\/ -->\n<title>ºìÌÒÊÓÆµPresident Short Lauds AFTRA on Agreement - IATSE<\/title>\n<meta name=\"robots\" content=\"index, follow, max-snippet:-1, max-image-preview:large, max-video-preview:-1\" \/>\n<link rel=\"canonical\" href=\"https:\/\/iatse.net\/fr\/iatse-president-short-lauds-aftra-on-agreement\/\" \/>\n<meta property=\"og:locale\" content=\"fr_CA\" \/>\n<meta property=\"og:type\" content=\"article\" \/>\n<meta property=\"og:title\" content=\"ºìÌÒÊÓÆµPresident Short Lauds AFTRA on Agreement - IATSE\" \/>\n<meta property=\"og:description\" content=\"New York \u2013 In response to the announcement that AFTRA has reached a tentative deal with the Association of Motion Picture and Television Producers regarding a new prime time contract, [&hellip;]\" \/>\n<meta property=\"og:url\" content=\"https:\/\/iatse.net\/fr\/iatse-president-short-lauds-aftra-on-agreement\/\" \/>\n<meta property=\"og:site_name\" content=\"IATSE\" \/>\n<meta property=\"article:published_time\" content=\"2008-05-28T00:00:00+00:00\" \/>\n<meta property=\"article:modified_time\" content=\"2021-06-14T13:37:33+00:00\" \/>\n<meta property=\"og:image\" content=\"https:\/\/iatse.net\/wp-content\/uploads\/2021\/06\/motionpicture695-1.jpg\" \/>\n\t<meta property=\"og:image:width\" content=\"640\" \/>\n\t<meta property=\"og:image:height\" content=\"377\" \/>\n\t<meta property=\"og:image:type\" content=\"image\/jpeg\" \/>\n<meta name=\"author\" content=\"ºìÌÒÊÓÆµCommunications\" \/>\n<meta name=\"twitter:card\" content=\"summary_large_image\" \/>\n<meta name=\"twitter:label1\" content=\"\u00c9crit par\" \/>\n\t<meta name=\"twitter:data1\" content=\"ºìÌÒÊÓÆµCommunications\" \/>\n\t<meta name=\"twitter:label2\" content=\"Estimation du temps de lecture\" \/>\n\t<meta name=\"twitter:data2\" content=\"1 minute\" \/>\n<script type=\"application\/ld+json\" class=\"yoast-schema-graph\">{\"@context\":\"https:\/\/schema.org\",\"@graph\":[{\"@type\":\"Article\",\"@id\":\"https:\/\/iatse.net\/iatse-president-short-lauds-aftra-on-agreement\/#article\",\"isPartOf\":{\"@id\":\"https:\/\/iatse.net\/iatse-president-short-lauds-aftra-on-agreement\/\"},\"author\":{\"name\":\"ºìÌÒÊÓÆµCommunications\",\"@id\":\"https:\/\/iatse.net\/#\/schema\/person\/0f70e66471ace00026b129e85eb44df0\"},\"headline\":\"ºìÌÒÊÓÆµPresident Short Lauds AFTRA on Agreement\",\"datePublished\":\"2008-05-28T00:00:00+00:00\",\"dateModified\":\"2021-06-14T13:37:33+00:00\",\"mainEntityOfPage\":{\"@id\":\"https:\/\/iatse.net\/iatse-president-short-lauds-aftra-on-agreement\/\"},\"wordCount\":113,\"commentCount\":0,\"publisher\":{\"@id\":\"https:\/\/iatse.net\/#organization\"},\"image\":{\"@id\":\"https:\/\/iatse.net\/iatse-president-short-lauds-aftra-on-agreement\/#primaryimage\"},\"thumbnailUrl\":\"https:\/\/iatse.net\/wp-content\/uploads\/2021\/06\/motionpicture695-1.jpg\",\"keywords\":[\"Motion Picture and Television\"],\"articleSection\":[\"News\"],\"inLanguage\":\"fr-CA\"},{\"@type\":\"WebPage\",\"@id\":\"https:\/\/iatse.net\/iatse-president-short-lauds-aftra-on-agreement\/\",\"url\":\"https:\/\/iatse.net\/iatse-president-short-lauds-aftra-on-agreement\/\",\"name\":\"ºìÌÒÊÓÆµPresident Short Lauds AFTRA on Agreement - IATSE\",\"isPartOf\":{\"@id\":\"https:\/\/iatse.net\/#website\"},\"primaryImageOfPage\":{\"@id\":\"https:\/\/iatse.net\/iatse-president-short-lauds-aftra-on-agreement\/#primaryimage\"},\"image\":{\"@id\":\"https:\/\/iatse.net\/iatse-president-short-lauds-aftra-on-agreement\/#primaryimage\"},\"thumbnailUrl\":\"https:\/\/iatse.net\/wp-content\/uploads\/2021\/06\/motionpicture695-1.jpg\",\"datePublished\":\"2008-05-28T00:00:00+00:00\",\"dateModified\":\"2021-06-14T13:37:33+00:00\",\"breadcrumb\":{\"@id\":\"https:\/\/iatse.net\/iatse-president-short-lauds-aftra-on-agreement\/#breadcrumb\"},\"inLanguage\":\"fr-CA\",\"potentialAction\":[{\"@type\":\"ReadAction\",\"target\":[\"https:\/\/iatse.net\/iatse-president-short-lauds-aftra-on-agreement\/\"]}]},{\"@type\":\"ImageObject\",\"inLanguage\":\"fr-CA\",\"@id\":\"https:\/\/iatse.net\/iatse-president-short-lauds-aftra-on-agreement\/#primaryimage\",\"url\":\"https:\/\/iatse.net\/wp-content\/uploads\/2021\/06\/motionpicture695-1.jpg\",\"contentUrl\":\"https:\/\/iatse.net\/wp-content\/uploads\/2021\/06\/motionpicture695-1.jpg\",\"width\":640,\"height\":377,\"caption\":\"IA President Short Appoints Safety Chairman\"},{\"@type\":\"BreadcrumbList\",\"@id\":\"https:\/\/iatse.net\/iatse-president-short-lauds-aftra-on-agreement\/#breadcrumb\",\"itemListElement\":[{\"@type\":\"ListItem\",\"position\":1,\"name\":\"Home\",\"item\":\"https:\/\/iatse.net\/\"},{\"@type\":\"ListItem\",\"position\":2,\"name\":\"ºìÌÒÊÓÆµPresident Short Lauds AFTRA on Agreement\"}]},{\"@type\":\"WebSite\",\"@id\":\"https:\/\/iatse.net\/#website\",\"url\":\"https:\/\/iatse.net\/\",\"name\":\"IATSE\",\"description\":\"The Union Behind Entertainment\",\"publisher\":{\"@id\":\"https:\/\/iatse.net\/#organization\"},\"potentialAction\":[{\"@type\":\"SearchAction\",\"target\":{\"@type\":\"EntryPoint\",\"urlTemplate\":\"https:\/\/iatse.net\/?s={search_term_string}\"},\"query-input\":{\"@type\":\"PropertyValueSpecification\",\"valueRequired\":true,\"valueName\":\"search_term_string\"}}],\"inLanguage\":\"fr-CA\"},{\"@type\":\"Organization\",\"@id\":\"https:\/\/iatse.net\/#organization\",\"name\":\"IATSE\",\"url\":\"https:\/\/iatse.net\/\",\"logo\":{\"@type\":\"ImageObject\",\"inLanguage\":\"fr-CA\",\"@id\":\"https:\/\/iatse.net\/#\/schema\/logo\/image\/\",\"url\":\"https:\/\/iatse.net\/wp-content\/uploads\/2021\/03\/IATSE_Logo_White.png\",\"contentUrl\":\"https:\/\/iatse.net\/wp-content\/uploads\/2021\/03\/IATSE_Logo_White.png\",\"width\":2100,\"height\":1987,\"caption\":\"IATSE\"},\"image\":{\"@id\":\"https:\/\/iatse.net\/#\/schema\/logo\/image\/\"}},{\"@type\":\"Person\",\"@id\":\"https:\/\/iatse.net\/#\/schema\/person\/0f70e66471ace00026b129e85eb44df0\",\"name\":\"ºìÌÒÊÓÆµCommunications\",\"image\":{\"@type\":\"ImageObject\",\"inLanguage\":\"fr-CA\",\"@id\":\"https:\/\/iatse.net\/#\/schema\/person\/image\/\",\"url\":\"https:\/\/secure.gravatar.com\/avatar\/35aecdeea9e9584c91ca1675b0997004?s=96&d=mm&r=g\",\"contentUrl\":\"https:\/\/secure.gravatar.com\/avatar\/35aecdeea9e9584c91ca1675b0997004?s=96&d=mm&r=g\",\"caption\":\"ºìÌÒÊÓÆµCommunications\"},\"sameAs\":[\"https:\/\/iatse.net\"],\"url\":\"https:\/\/iatse.net\/fr\/author\/communications\/\"}]}<\/script>\n<!-- \/ Yoast SEO plugin. -->","yoast_head_json":{"title":"ºìÌÒÊÓÆµPresident Short Lauds AFTRA on Agreement - IATSE","robots":{"index":"index","follow":"follow","max-snippet":"max-snippet:-1","max-image-preview":"max-image-preview:large","max-video-preview":"max-video-preview:-1"},"canonical":"https:\/\/iatse.net\/fr\/iatse-president-short-lauds-aftra-on-agreement\/","og_locale":"fr_CA","og_type":"article","og_title":"ºìÌÒÊÓÆµPresident Short Lauds AFTRA on Agreement - IATSE","og_description":"New York \u2013 In response to the announcement that AFTRA has reached a tentative deal with the Association of Motion Picture and Television Producers regarding a new prime time contract, [&hellip;]","og_url":"https:\/\/iatse.net\/fr\/iatse-president-short-lauds-aftra-on-agreement\/","og_site_name":"IATSE","article_published_time":"2008-05-28T00:00:00+00:00","article_modified_time":"2021-06-14T13:37:33+00:00","og_image":[{"width":640,"height":377,"url":"https:\/\/iatse.net\/wp-content\/uploads\/2021\/06\/motionpicture695-1.jpg","type":"image\/jpeg"}],"author":"ºìÌÒÊÓÆµCommunications","twitter_card":"summary_large_image","twitter_misc":{"\u00c9crit par":"ºìÌÒÊÓÆµCommunications","Estimation du temps de lecture":"1 minute"},"schema":{"@context":"https:\/\/schema.org","@graph":[{"@type":"Article","@id":"https:\/\/iatse.net\/iatse-president-short-lauds-aftra-on-agreement\/#article","isPartOf":{"@id":"https:\/\/iatse.net\/iatse-president-short-lauds-aftra-on-agreement\/"},"author":{"name":"ºìÌÒÊÓÆµCommunications","@id":"https:\/\/iatse.net\/#\/schema\/person\/0f70e66471ace00026b129e85eb44df0"},"headline":"ºìÌÒÊÓÆµPresident Short Lauds AFTRA on Agreement","datePublished":"2008-05-28T00:00:00+00:00","dateModified":"2021-06-14T13:37:33+00:00","mainEntityOfPage":{"@id":"https:\/\/iatse.net\/iatse-president-short-lauds-aftra-on-agreement\/"},"wordCount":113,"commentCount":0,"publisher":{"@id":"https:\/\/iatse.net\/#organization"},"image":{"@id":"https:\/\/iatse.net\/iatse-president-short-lauds-aftra-on-agreement\/#primaryimage"},"thumbnailUrl":"https:\/\/iatse.net\/wp-content\/uploads\/2021\/06\/motionpicture695-1.jpg","keywords":["Motion Picture and Television"],"articleSection":["News"],"inLanguage":"fr-CA"},{"@type":"WebPage","@id":"https:\/\/iatse.net\/iatse-president-short-lauds-aftra-on-agreement\/","url":"https:\/\/iatse.net\/iatse-president-short-lauds-aftra-on-agreement\/","name":"ºìÌÒÊÓÆµPresident Short Lauds AFTRA on Agreement - IATSE","isPartOf":{"@id":"https:\/\/iatse.net\/#website"},"primaryImageOfPage":{"@id":"https:\/\/iatse.net\/iatse-president-short-lauds-aftra-on-agreement\/#primaryimage"},"image":{"@id":"https:\/\/iatse.net\/iatse-president-short-lauds-aftra-on-agreement\/#primaryimage"},"thumbnailUrl":"https:\/\/iatse.net\/wp-content\/uploads\/2021\/06\/motionpicture695-1.jpg","datePublished":"2008-05-28T00:00:00+00:00","dateModified":"2021-06-14T13:37:33+00:00","breadcrumb":{"@id":"https:\/\/iatse.net\/iatse-president-short-lauds-aftra-on-agreement\/#breadcrumb"},"inLanguage":"fr-CA","potentialAction":[{"@type":"ReadAction","target":["https:\/\/iatse.net\/iatse-president-short-lauds-aftra-on-agreement\/"]}]},{"@type":"ImageObject","inLanguage":"fr-CA","@id":"https:\/\/iatse.net\/iatse-president-short-lauds-aftra-on-agreement\/#primaryimage","url":"https:\/\/iatse.net\/wp-content\/uploads\/2021\/06\/motionpicture695-1.jpg","contentUrl":"https:\/\/iatse.net\/wp-content\/uploads\/2021\/06\/motionpicture695-1.jpg","width":640,"height":377,"caption":"IA President Short Appoints Safety Chairman"},{"@type":"BreadcrumbList","@id":"https:\/\/iatse.net\/iatse-president-short-lauds-aftra-on-agreement\/#breadcrumb","itemListElement":[{"@type":"ListItem","position":1,"name":"Home","item":"https:\/\/iatse.net\/"},{"@type":"ListItem","position":2,"name":"ºìÌÒÊÓÆµPresident Short Lauds AFTRA on Agreement"}]},{"@type":"WebSite","@id":"https:\/\/iatse.net\/#website","url":"https:\/\/iatse.net\/","name":"IATSE","description":"The Union Behind Entertainment","publisher":{"@id":"https:\/\/iatse.net\/#organization"},"potentialAction":[{"@type":"SearchAction","target":{"@type":"EntryPoint","urlTemplate":"https:\/\/iatse.net\/?s={search_term_string}"},"query-input":{"@type":"PropertyValueSpecification","valueRequired":true,"valueName":"search_term_string"}}],"inLanguage":"fr-CA"},{"@type":"Organization","@id":"https:\/\/iatse.net\/#organization","name":"IATSE","url":"https:\/\/iatse.net\/","logo":{"@type":"ImageObject","inLanguage":"fr-CA","@id":"https:\/\/iatse.net\/#\/schema\/logo\/image\/","url":"https:\/\/iatse.net\/wp-content\/uploads\/2021\/03\/IATSE_Logo_White.png","contentUrl":"https:\/\/iatse.net\/wp-content\/uploads\/2021\/03\/IATSE_Logo_White.png","width":2100,"height":1987,"caption":"IATSE"},"image":{"@id":"https:\/\/iatse.net\/#\/schema\/logo\/image\/"}},{"@type":"Person","@id":"https:\/\/iatse.net\/#\/schema\/person\/0f70e66471ace00026b129e85eb44df0","name":"ºìÌÒÊÓÆµCommunications","image":{"@type":"ImageObject","inLanguage":"fr-CA","@id":"https:\/\/iatse.net\/#\/schema\/person\/image\/","url":"https:\/\/secure.gravatar.com\/avatar\/35aecdeea9e9584c91ca1675b0997004?s=96&d=mm&r=g","contentUrl":"https:\/\/secure.gravatar.com\/avatar\/35aecdeea9e9584c91ca1675b0997004?s=96&d=mm&r=g","caption":"ºìÌÒÊÓÆµCommunications"},"sameAs":["https:\/\/iatse.net"],"url":"https:\/\/iatse.net\/fr\/author\/communications\/"}]}},"acf":[],"_links":{"self":[{"href":"https:\/\/iatse.net\/fr\/wp-json\/wp\/v2\/posts\/1815"}],"collection":[{"href":"https:\/\/iatse.net\/fr\/wp-json\/wp\/v2\/posts"}],"about":[{"href":"https:\/\/iatse.net\/fr\/wp-json\/wp\/v2\/types\/post"}],"author":[{"embeddable":true,"href":"https:\/\/iatse.net\/fr\/wp-json\/wp\/v2\/users\/1"}],"replies":[{"embeddable":true,"href":"https:\/\/iatse.net\/fr\/wp-json\/wp\/v2\/comments?post=1815"}],"version-history":[{"count":1,"href":"https:\/\/iatse.net\/fr\/wp-json\/wp\/v2\/posts\/1815\/revisions"}],"predecessor-version":[{"id":2674,"href":"https:\/\/iatse.net\/fr\/wp-json\/wp\/v2\/posts\/1815\/revisions\/2674"}],"wp:featuredmedia":[{"embeddable":true,"href":"https:\/\/iatse.net\/fr\/wp-json\/wp\/v2\/media\/1522"}],"wp:attachment":[{"href":"https:\/\/iatse.net\/fr\/wp-json\/wp\/v2\/media?parent=1815"}],"wp:term":[{"taxonomy":"category","embeddable":true,"href":"https:\/\/iatse.net\/fr\/wp-json\/wp\/v2\/categories?post=1815"},{"taxonomy":"post_tag","embeddable":true,"href":"https:\/\/iatse.net\/fr\/wp-json\/wp\/v2\/tags?post=1815"}],"curies":[{"name":"wp","href":"https:\/\/api.w.org\/{rel}","templated":true}]}}