  {"id":1822,"date":"2008-08-05T00:00:00","date_gmt":"2008-08-05T00:00:00","guid":{"rendered":"https:\/\/iatse.net\/2008\/08\/05\/iatse-president-loeb-makes-first-appointments\/"},"modified":"2021-06-11T20:56:56","modified_gmt":"2021-06-11T20:56:56","slug":"iatse-president-loeb-makes-first-appointments","status":"publish","type":"post","link":"https:\/\/iatse.net\/fr\/iatse-president-loeb-makes-first-appointments\/","title":{"rendered":"Le pr\u00e9sident de l'IATSE, M. Loeb, proc\u00e8de aux premi\u00e8res nominations"},"content":{"rendered":"<p>NEW YORK - Dans le cadre de son premier changement de direction depuis son \u00e9lection au poste de pr\u00e9sident international, Matthew Loeb a nomm\u00e9 deux v\u00e9t\u00e9rans de l'AI \u00e0 de nouveaux postes. D\u00e8s maintenant, le huiti\u00e8me vice-pr\u00e9sident international Michael F. Miller Jr. reprend les anciennes responsabilit\u00e9s de Loeb en tant que directeur de division de la production cin\u00e9matographique et t\u00e9l\u00e9visuelle, toujours bas\u00e9 au bureau de la c\u00f4te ouest de l'AI \u00e0 Toluca Lake. \u00c0 ce poste, M. Miller supervisera tous les aspects des op\u00e9rations de production cin\u00e9matographique et t\u00e9l\u00e9visuelle de l'International aux \u00c9tats-Unis et au Canada, et rendra compte directement \u00e0 M. Loeb.<\/p>\n<p>M. Miller est membre du conseil ex\u00e9cutif g\u00e9n\u00e9ral de l'AI depuis juillet 2004. Il a commenc\u00e9 sa carri\u00e8re au sein de l'ºìÌÒÊÓÆµen 1990 lorsqu'il a \u00e9t\u00e9 initi\u00e9 \u00e0 la section 27 des machinistes \u00e0 Cleveland, OH. Trois ans plus tard, en 1993, il a \u00e9t\u00e9 \u00e9lu au conseil ex\u00e9cutif de cette section et a occup\u00e9 cette fonction jusqu'\u00e0 ce qu'il soit \u00e9lu secr\u00e9taire-tr\u00e9sorier en 2000. M. Miller a \u00e9galement travaill\u00e9 en tant qu'agent commercial du d\u00e9partement sp\u00e9cial B-27 de Cleveland.<\/p>\n<p>En 2001, Miller a rejoint le bureau de la c\u00f4te ouest de l'ºìÌÒÊÓÆµen tant que repr\u00e9sentant international. Il est \u00e9galement membre du conseil d'administration des r\u00e9gimes de retraite et de sant\u00e9 de l'industrie cin\u00e9matographique.<\/p>\n<p>Miller est \u00e9galement membre de l'ºìÌÒÊÓÆµStudio Mechanics Local 209 et de l'ºìÌÒÊÓÆµGrips Local 80. Son p\u00e8re et plusieurs de ses cousins sont \u00e9galement membres de l'IATSE.<\/p>\n<p>En outre, le pr\u00e9sident Loeb a nomm\u00e9 Dan Mahoney au poste nouvellement cr\u00e9\u00e9 de directeur adjoint de la division de la production cin\u00e9matographique et t\u00e9l\u00e9visuelle. M. Mahoney, qui est repr\u00e9sentant international depuis 2002, est membre de la section 52 et a \u00e9t\u00e9 repr\u00e9sentant commercial de cette section de 1997 \u00e0 2002. Il sera bas\u00e9 au bureau g\u00e9n\u00e9ral de l'AI \u00e0 New York.<\/p>","protected":false},"excerpt":{"rendered":"<p>NEW YORK - Dans le cadre de son premier mouvement ex\u00e9cutif depuis son \u00e9lection au poste de pr\u00e9sident international, Matthew Loeb a nomm\u00e9 deux v\u00e9t\u00e9rans de l'IA \u00e0 de nouveaux postes. D\u00e8s maintenant, le huiti\u00e8me vice-pr\u00e9sident international Michael [...]<\/p>","protected":false},"author":1,"featured_media":1734,"comment_status":"open","ping_status":"open","sticky":false,"template":"","format":"standard","meta":{"_acf_changed":false,"_monsterinsights_skip_tracking":false,"_monsterinsights_sitenote_active":false,"_monsterinsights_sitenote_note":"","_monsterinsights_sitenote_category":0,"footnotes":""},"categories":[8],"tags":[],"yoast_head":"<!-- This site is optimized with the Yoast SEO plugin v23.5 - https:\/\/yoast.com\/wordpress\/plugins\/seo\/ -->\n<title>ºìÌÒÊÓÆµPresident Loeb Makes First Appointments - IATSE<\/title>\n<meta name=\"robots\" content=\"index, follow, max-snippet:-1, max-image-preview:large, max-video-preview:-1\" \/>\n<link rel=\"canonical\" href=\"https:\/\/iatse.net\/fr\/iatse-president-loeb-makes-first-appointments\/\" \/>\n<meta property=\"og:locale\" content=\"fr_CA\" \/>\n<meta property=\"og:type\" content=\"article\" \/>\n<meta property=\"og:title\" content=\"ºìÌÒÊÓÆµPresident Loeb Makes First Appointments - IATSE\" \/>\n<meta property=\"og:description\" content=\"NEW YORK \u2013 In his first executive move since being elected International President, Matthew Loeb has appointed two IA veterans to new positions. Effective immediately, Eighth International Vice President Michael [&hellip;]\" \/>\n<meta property=\"og:url\" content=\"https:\/\/iatse.net\/fr\/iatse-president-loeb-makes-first-appointments\/\" \/>\n<meta property=\"og:site_name\" content=\"IATSE\" \/>\n<meta property=\"article:published_time\" content=\"2008-08-05T00:00:00+00:00\" \/>\n<meta property=\"article:modified_time\" content=\"2021-06-11T20:56:56+00:00\" \/>\n<meta property=\"og:image\" content=\"https:\/\/iatse.net\/wp-content\/uploads\/2021\/06\/Untitled-design-1.jpg\" \/>\n\t<meta property=\"og:image:width\" content=\"1920\" \/>\n\t<meta property=\"og:image:height\" content=\"1080\" \/>\n\t<meta property=\"og:image:type\" content=\"image\/jpeg\" \/>\n<meta name=\"author\" content=\"ºìÌÒÊÓÆµCommunications\" \/>\n<meta name=\"twitter:card\" content=\"summary_large_image\" \/>\n<meta name=\"twitter:label1\" content=\"\u00c9crit par\" \/>\n\t<meta name=\"twitter:data1\" content=\"ºìÌÒÊÓÆµCommunications\" \/>\n\t<meta name=\"twitter:label2\" content=\"Estimation du temps de lecture\" \/>\n\t<meta name=\"twitter:data2\" content=\"2 minutes\" \/>\n<script type=\"application\/ld+json\" class=\"yoast-schema-graph\">{\"@context\":\"https:\/\/schema.org\",\"@graph\":[{\"@type\":\"Article\",\"@id\":\"https:\/\/iatse.net\/iatse-president-loeb-makes-first-appointments\/#article\",\"isPartOf\":{\"@id\":\"https:\/\/iatse.net\/iatse-president-loeb-makes-first-appointments\/\"},\"author\":{\"name\":\"ºìÌÒÊÓÆµCommunications\",\"@id\":\"https:\/\/iatse.net\/#\/schema\/person\/0f70e66471ace00026b129e85eb44df0\"},\"headline\":\"ºìÌÒÊÓÆµPresident Loeb Makes First Appointments\",\"datePublished\":\"2008-08-05T00:00:00+00:00\",\"dateModified\":\"2021-06-11T20:56:56+00:00\",\"mainEntityOfPage\":{\"@id\":\"https:\/\/iatse.net\/iatse-president-loeb-makes-first-appointments\/\"},\"wordCount\":278,\"commentCount\":0,\"publisher\":{\"@id\":\"https:\/\/iatse.net\/#organization\"},\"image\":{\"@id\":\"https:\/\/iatse.net\/iatse-president-loeb-makes-first-appointments\/#primaryimage\"},\"thumbnailUrl\":\"https:\/\/iatse.net\/wp-content\/uploads\/2021\/06\/Untitled-design-1.jpg\",\"articleSection\":[\"News\"],\"inLanguage\":\"fr-CA\"},{\"@type\":\"WebPage\",\"@id\":\"https:\/\/iatse.net\/iatse-president-loeb-makes-first-appointments\/\",\"url\":\"https:\/\/iatse.net\/iatse-president-loeb-makes-first-appointments\/\",\"name\":\"ºìÌÒÊÓÆµPresident Loeb Makes First Appointments - IATSE\",\"isPartOf\":{\"@id\":\"https:\/\/iatse.net\/#website\"},\"primaryImageOfPage\":{\"@id\":\"https:\/\/iatse.net\/iatse-president-loeb-makes-first-appointments\/#primaryimage\"},\"image\":{\"@id\":\"https:\/\/iatse.net\/iatse-president-loeb-makes-first-appointments\/#primaryimage\"},\"thumbnailUrl\":\"https:\/\/iatse.net\/wp-content\/uploads\/2021\/06\/Untitled-design-1.jpg\",\"datePublished\":\"2008-08-05T00:00:00+00:00\",\"dateModified\":\"2021-06-11T20:56:56+00:00\",\"breadcrumb\":{\"@id\":\"https:\/\/iatse.net\/iatse-president-loeb-makes-first-appointments\/#breadcrumb\"},\"inLanguage\":\"fr-CA\",\"potentialAction\":[{\"@type\":\"ReadAction\",\"target\":[\"https:\/\/iatse.net\/iatse-president-loeb-makes-first-appointments\/\"]}]},{\"@type\":\"ImageObject\",\"inLanguage\":\"fr-CA\",\"@id\":\"https:\/\/iatse.net\/iatse-president-loeb-makes-first-appointments\/#primaryimage\",\"url\":\"https:\/\/iatse.net\/wp-content\/uploads\/2021\/06\/Untitled-design-1.jpg\",\"contentUrl\":\"https:\/\/iatse.net\/wp-content\/uploads\/2021\/06\/Untitled-design-1.jpg\",\"width\":1920,\"height\":1080,\"caption\":\"Jewish Labor Committee Honors Loeb\"},{\"@type\":\"BreadcrumbList\",\"@id\":\"https:\/\/iatse.net\/iatse-president-loeb-makes-first-appointments\/#breadcrumb\",\"itemListElement\":[{\"@type\":\"ListItem\",\"position\":1,\"name\":\"Home\",\"item\":\"https:\/\/iatse.net\/\"},{\"@type\":\"ListItem\",\"position\":2,\"name\":\"ºìÌÒÊÓÆµPresident Loeb Makes First Appointments\"}]},{\"@type\":\"WebSite\",\"@id\":\"https:\/\/iatse.net\/#website\",\"url\":\"https:\/\/iatse.net\/\",\"name\":\"IATSE\",\"description\":\"The Union Behind Entertainment\",\"publisher\":{\"@id\":\"https:\/\/iatse.net\/#organization\"},\"potentialAction\":[{\"@type\":\"SearchAction\",\"target\":{\"@type\":\"EntryPoint\",\"urlTemplate\":\"https:\/\/iatse.net\/?s={search_term_string}\"},\"query-input\":{\"@type\":\"PropertyValueSpecification\",\"valueRequired\":true,\"valueName\":\"search_term_string\"}}],\"inLanguage\":\"fr-CA\"},{\"@type\":\"Organization\",\"@id\":\"https:\/\/iatse.net\/#organization\",\"name\":\"IATSE\",\"url\":\"https:\/\/iatse.net\/\",\"logo\":{\"@type\":\"ImageObject\",\"inLanguage\":\"fr-CA\",\"@id\":\"https:\/\/iatse.net\/#\/schema\/logo\/image\/\",\"url\":\"https:\/\/iatse.net\/wp-content\/uploads\/2021\/03\/IATSE_Logo_White.png\",\"contentUrl\":\"https:\/\/iatse.net\/wp-content\/uploads\/2021\/03\/IATSE_Logo_White.png\",\"width\":2100,\"height\":1987,\"caption\":\"IATSE\"},\"image\":{\"@id\":\"https:\/\/iatse.net\/#\/schema\/logo\/image\/\"}},{\"@type\":\"Person\",\"@id\":\"https:\/\/iatse.net\/#\/schema\/person\/0f70e66471ace00026b129e85eb44df0\",\"name\":\"ºìÌÒÊÓÆµCommunications\",\"image\":{\"@type\":\"ImageObject\",\"inLanguage\":\"fr-CA\",\"@id\":\"https:\/\/iatse.net\/#\/schema\/person\/image\/\",\"url\":\"https:\/\/secure.gravatar.com\/avatar\/35aecdeea9e9584c91ca1675b0997004?s=96&d=mm&r=g\",\"contentUrl\":\"https:\/\/secure.gravatar.com\/avatar\/35aecdeea9e9584c91ca1675b0997004?s=96&d=mm&r=g\",\"caption\":\"ºìÌÒÊÓÆµCommunications\"},\"sameAs\":[\"https:\/\/iatse.net\"],\"url\":\"https:\/\/iatse.net\/fr\/author\/communications\/\"}]}<\/script>\n<!-- \/ Yoast SEO plugin. -->","yoast_head_json":{"title":"ºìÌÒÊÓÆµPresident Loeb Makes First Appointments - IATSE","robots":{"index":"index","follow":"follow","max-snippet":"max-snippet:-1","max-image-preview":"max-image-preview:large","max-video-preview":"max-video-preview:-1"},"canonical":"https:\/\/iatse.net\/fr\/iatse-president-loeb-makes-first-appointments\/","og_locale":"fr_CA","og_type":"article","og_title":"ºìÌÒÊÓÆµPresident Loeb Makes First Appointments - IATSE","og_description":"NEW YORK \u2013 In his first executive move since being elected International President, Matthew Loeb has appointed two IA veterans to new positions. Effective immediately, Eighth International Vice President Michael [&hellip;]","og_url":"https:\/\/iatse.net\/fr\/iatse-president-loeb-makes-first-appointments\/","og_site_name":"IATSE","article_published_time":"2008-08-05T00:00:00+00:00","article_modified_time":"2021-06-11T20:56:56+00:00","og_image":[{"width":1920,"height":1080,"url":"https:\/\/iatse.net\/wp-content\/uploads\/2021\/06\/Untitled-design-1.jpg","type":"image\/jpeg"}],"author":"ºìÌÒÊÓÆµCommunications","twitter_card":"summary_large_image","twitter_misc":{"\u00c9crit par":"ºìÌÒÊÓÆµCommunications","Estimation du temps de lecture":"2 minutes"},"schema":{"@context":"https:\/\/schema.org","@graph":[{"@type":"Article","@id":"https:\/\/iatse.net\/iatse-president-loeb-makes-first-appointments\/#article","isPartOf":{"@id":"https:\/\/iatse.net\/iatse-president-loeb-makes-first-appointments\/"},"author":{"name":"ºìÌÒÊÓÆµCommunications","@id":"https:\/\/iatse.net\/#\/schema\/person\/0f70e66471ace00026b129e85eb44df0"},"headline":"ºìÌÒÊÓÆµPresident Loeb Makes First Appointments","datePublished":"2008-08-05T00:00:00+00:00","dateModified":"2021-06-11T20:56:56+00:00","mainEntityOfPage":{"@id":"https:\/\/iatse.net\/iatse-president-loeb-makes-first-appointments\/"},"wordCount":278,"commentCount":0,"publisher":{"@id":"https:\/\/iatse.net\/#organization"},"image":{"@id":"https:\/\/iatse.net\/iatse-president-loeb-makes-first-appointments\/#primaryimage"},"thumbnailUrl":"https:\/\/iatse.net\/wp-content\/uploads\/2021\/06\/Untitled-design-1.jpg","articleSection":["News"],"inLanguage":"fr-CA"},{"@type":"WebPage","@id":"https:\/\/iatse.net\/iatse-president-loeb-makes-first-appointments\/","url":"https:\/\/iatse.net\/iatse-president-loeb-makes-first-appointments\/","name":"ºìÌÒÊÓÆµPresident Loeb Makes First Appointments - IATSE","isPartOf":{"@id":"https:\/\/iatse.net\/#website"},"primaryImageOfPage":{"@id":"https:\/\/iatse.net\/iatse-president-loeb-makes-first-appointments\/#primaryimage"},"image":{"@id":"https:\/\/iatse.net\/iatse-president-loeb-makes-first-appointments\/#primaryimage"},"thumbnailUrl":"https:\/\/iatse.net\/wp-content\/uploads\/2021\/06\/Untitled-design-1.jpg","datePublished":"2008-08-05T00:00:00+00:00","dateModified":"2021-06-11T20:56:56+00:00","breadcrumb":{"@id":"https:\/\/iatse.net\/iatse-president-loeb-makes-first-appointments\/#breadcrumb"},"inLanguage":"fr-CA","potentialAction":[{"@type":"ReadAction","target":["https:\/\/iatse.net\/iatse-president-loeb-makes-first-appointments\/"]}]},{"@type":"ImageObject","inLanguage":"fr-CA","@id":"https:\/\/iatse.net\/iatse-president-loeb-makes-first-appointments\/#primaryimage","url":"https:\/\/iatse.net\/wp-content\/uploads\/2021\/06\/Untitled-design-1.jpg","contentUrl":"https:\/\/iatse.net\/wp-content\/uploads\/2021\/06\/Untitled-design-1.jpg","width":1920,"height":1080,"caption":"Jewish Labor Committee Honors Loeb"},{"@type":"BreadcrumbList","@id":"https:\/\/iatse.net\/iatse-president-loeb-makes-first-appointments\/#breadcrumb","itemListElement":[{"@type":"ListItem","position":1,"name":"Home","item":"https:\/\/iatse.net\/"},{"@type":"ListItem","position":2,"name":"ºìÌÒÊÓÆµPresident Loeb Makes First Appointments"}]},{"@type":"WebSite","@id":"https:\/\/iatse.net\/#website","url":"https:\/\/iatse.net\/","name":"IATSE","description":"The Union Behind Entertainment","publisher":{"@id":"https:\/\/iatse.net\/#organization"},"potentialAction":[{"@type":"SearchAction","target":{"@type":"EntryPoint","urlTemplate":"https:\/\/iatse.net\/?s={search_term_string}"},"query-input":{"@type":"PropertyValueSpecification","valueRequired":true,"valueName":"search_term_string"}}],"inLanguage":"fr-CA"},{"@type":"Organization","@id":"https:\/\/iatse.net\/#organization","name":"IATSE","url":"https:\/\/iatse.net\/","logo":{"@type":"ImageObject","inLanguage":"fr-CA","@id":"https:\/\/iatse.net\/#\/schema\/logo\/image\/","url":"https:\/\/iatse.net\/wp-content\/uploads\/2021\/03\/IATSE_Logo_White.png","contentUrl":"https:\/\/iatse.net\/wp-content\/uploads\/2021\/03\/IATSE_Logo_White.png","width":2100,"height":1987,"caption":"IATSE"},"image":{"@id":"https:\/\/iatse.net\/#\/schema\/logo\/image\/"}},{"@type":"Person","@id":"https:\/\/iatse.net\/#\/schema\/person\/0f70e66471ace00026b129e85eb44df0","name":"ºìÌÒÊÓÆµCommunications","image":{"@type":"ImageObject","inLanguage":"fr-CA","@id":"https:\/\/iatse.net\/#\/schema\/person\/image\/","url":"https:\/\/secure.gravatar.com\/avatar\/35aecdeea9e9584c91ca1675b0997004?s=96&d=mm&r=g","contentUrl":"https:\/\/secure.gravatar.com\/avatar\/35aecdeea9e9584c91ca1675b0997004?s=96&d=mm&r=g","caption":"ºìÌÒÊÓÆµCommunications"},"sameAs":["https:\/\/iatse.net"],"url":"https:\/\/iatse.net\/fr\/author\/communications\/"}]}},"acf":[],"_links":{"self":[{"href":"https:\/\/iatse.net\/fr\/wp-json\/wp\/v2\/posts\/1822"}],"collection":[{"href":"https:\/\/iatse.net\/fr\/wp-json\/wp\/v2\/posts"}],"about":[{"href":"https:\/\/iatse.net\/fr\/wp-json\/wp\/v2\/types\/post"}],"author":[{"embeddable":true,"href":"https:\/\/iatse.net\/fr\/wp-json\/wp\/v2\/users\/1"}],"replies":[{"embeddable":true,"href":"https:\/\/iatse.net\/fr\/wp-json\/wp\/v2\/comments?post=1822"}],"version-history":[{"count":1,"href":"https:\/\/iatse.net\/fr\/wp-json\/wp\/v2\/posts\/1822\/revisions"}],"predecessor-version":[{"id":2668,"href":"https:\/\/iatse.net\/fr\/wp-json\/wp\/v2\/posts\/1822\/revisions\/2668"}],"wp:featuredmedia":[{"embeddable":true,"href":"https:\/\/iatse.net\/fr\/wp-json\/wp\/v2\/media\/1734"}],"wp:attachment":[{"href":"https:\/\/iatse.net\/fr\/wp-json\/wp\/v2\/media?parent=1822"}],"wp:term":[{"taxonomy":"category","embeddable":true,"href":"https:\/\/iatse.net\/fr\/wp-json\/wp\/v2\/categories?post=1822"},{"taxonomy":"post_tag","embeddable":true,"href":"https:\/\/iatse.net\/fr\/wp-json\/wp\/v2\/tags?post=1822"}],"curies":[{"name":"wp","href":"https:\/\/api.w.org\/{rel}","templated":true}]}}