  {"id":1824,"date":"2008-08-13T00:00:00","date_gmt":"2008-08-13T00:00:00","guid":{"rendered":"https:\/\/iatse.net\/2008\/08\/13\/iatse-endorses-obama-for-president\/"},"modified":"2021-06-21T14:28:41","modified_gmt":"2021-06-21T18:28:41","slug":"iatse-endorses-obama-for-president","status":"publish","type":"post","link":"https:\/\/iatse.net\/fr\/iatse-endorses-obama-for-president\/","title":{"rendered":"L'ºìÌÒÊÓÆµsoutient la candidature d'Obama \u00e0 la pr\u00e9sidence"},"content":{"rendered":"<p>NEW YORK - L'ºìÌÒÊÓÆµa officiellement soutenu la candidature du s\u00e9nateur de l'Illinois Barack Obama \u00e0 la pr\u00e9sidence. Ce soutien intervient apr\u00e8s que M. Obama se soit adress\u00e9 par t\u00e9l\u00e9conf\u00e9rence \u00e0 la r\u00e9union de Chicago du Conseil ex\u00e9cutif de l'AFL-CIO et ait affirm\u00e9 son soutien clair et ind\u00e9fectible au mouvement syndical am\u00e9ricain. La F\u00e9d\u00e9ration a reconnu ses nombreux efforts en faveur des syndicats et des travailleurs en g\u00e9n\u00e9ral.<\/p>\n<p>Le pr\u00e9sident de l'IA, Matthew Loeb, a d\u00e9clar\u00e9 : \"\u00c9tant donn\u00e9 que l'\u00e9lection pr\u00e9sidentielle de 2008 repr\u00e9sente un moment critique pour le succ\u00e8s des organisations syndicales, la s\u00e9curit\u00e9 des membres de l'ºìÌÒÊÓÆµet de tous les travailleurs am\u00e9ricains, l'IA soutient officiellement la candidature de Barack Obama \u00e0 la pr\u00e9sidence.\"<\/p>\n<p>Parmi les questions qu'Obama a pr\u00e9sent\u00e9es et qui sont essentielles pour le bien-\u00eatre des familles de travailleurs dans tout le pays, citons ses projets de r\u00e9forme de la s\u00e9curit\u00e9 sociale et des soins de sant\u00e9, une r\u00e9ponse forte \u00e0 la crise du logement et l'am\u00e9lioration des \u00e9coles publiques. Il a un plan de lutte contre le r\u00e9chauffement climatique et s'attaque activement aux probl\u00e8mes de pauvret\u00e9 et d'in\u00e9galit\u00e9 auxquels le pays est toujours confront\u00e9. En outre, il a ce que l'ancien ministre du travail Robert Reich a appel\u00e9 \"une politique \u00e9trang\u00e8re \u00e9clair\u00e9e\".<\/p>","protected":false},"excerpt":{"rendered":"<p>NEW YORK - L'ºìÌÒÊÓÆµa officiellement soutenu la candidature du s\u00e9nateur de l'Illinois Barack Obama \u00e0 la pr\u00e9sidence. Ce soutien intervient apr\u00e8s que M. Obama se soit adress\u00e9 \u00e0 la r\u00e9union de Chicago du Conseil ex\u00e9cutif de l'AFL-CIO [...].<\/p>","protected":false},"author":1,"featured_media":1729,"comment_status":"open","ping_status":"open","sticky":false,"template":"","format":"standard","meta":{"_acf_changed":false,"_monsterinsights_skip_tracking":false,"_monsterinsights_sitenote_active":false,"_monsterinsights_sitenote_note":"","_monsterinsights_sitenote_category":0,"footnotes":""},"categories":[8],"tags":[23],"yoast_head":"<!-- This site is optimized with the Yoast SEO plugin v23.5 - https:\/\/yoast.com\/wordpress\/plugins\/seo\/ -->\n<title>ºìÌÒÊÓÆµEndorses Obama for President - IATSE<\/title>\n<meta name=\"robots\" content=\"index, follow, max-snippet:-1, max-image-preview:large, max-video-preview:-1\" \/>\n<link rel=\"canonical\" href=\"https:\/\/iatse.net\/fr\/iatse-endorses-obama-for-president\/\" \/>\n<meta property=\"og:locale\" content=\"fr_CA\" \/>\n<meta property=\"og:type\" content=\"article\" \/>\n<meta property=\"og:title\" content=\"ºìÌÒÊÓÆµEndorses Obama for President - IATSE\" \/>\n<meta property=\"og:description\" content=\"NEW YORK \u2013 The ºìÌÒÊÓÆµhas officially endorsed Illinois Senator Barack Obama for President. The endorsement comes after Obama addressed the Chicago meeting of the Executive Council of the AFL-CIO [&hellip;]\" \/>\n<meta property=\"og:url\" content=\"https:\/\/iatse.net\/fr\/iatse-endorses-obama-for-president\/\" \/>\n<meta property=\"og:site_name\" content=\"IATSE\" \/>\n<meta property=\"article:published_time\" content=\"2008-08-13T00:00:00+00:00\" \/>\n<meta property=\"article:modified_time\" content=\"2021-06-21T18:28:41+00:00\" \/>\n<meta property=\"og:image\" content=\"https:\/\/iatse.net\/wp-content\/uploads\/2021\/06\/2020-09-29-CleDebate-Union-And-Constitution-Forever-1.jpg\" \/>\n\t<meta property=\"og:image:width\" content=\"787\" \/>\n\t<meta property=\"og:image:height\" content=\"549\" \/>\n\t<meta property=\"og:image:type\" content=\"image\/jpeg\" \/>\n<meta name=\"author\" content=\"ºìÌÒÊÓÆµCommunications\" \/>\n<meta name=\"twitter:card\" content=\"summary_large_image\" \/>\n<meta name=\"twitter:label1\" content=\"\u00c9crit par\" \/>\n\t<meta name=\"twitter:data1\" content=\"ºìÌÒÊÓÆµCommunications\" \/>\n\t<meta name=\"twitter:label2\" content=\"Estimation du temps de lecture\" \/>\n\t<meta name=\"twitter:data2\" content=\"1 minute\" \/>\n<script type=\"application\/ld+json\" class=\"yoast-schema-graph\">{\"@context\":\"https:\/\/schema.org\",\"@graph\":[{\"@type\":\"Article\",\"@id\":\"https:\/\/iatse.net\/iatse-endorses-obama-for-president\/#article\",\"isPartOf\":{\"@id\":\"https:\/\/iatse.net\/iatse-endorses-obama-for-president\/\"},\"author\":{\"name\":\"ºìÌÒÊÓÆµCommunications\",\"@id\":\"https:\/\/iatse.net\/#\/schema\/person\/0f70e66471ace00026b129e85eb44df0\"},\"headline\":\"ºìÌÒÊÓÆµEndorses Obama for President\",\"datePublished\":\"2008-08-13T00:00:00+00:00\",\"dateModified\":\"2021-06-21T18:28:41+00:00\",\"mainEntityOfPage\":{\"@id\":\"https:\/\/iatse.net\/iatse-endorses-obama-for-president\/\"},\"wordCount\":176,\"commentCount\":0,\"publisher\":{\"@id\":\"https:\/\/iatse.net\/#organization\"},\"image\":{\"@id\":\"https:\/\/iatse.net\/iatse-endorses-obama-for-president\/#primaryimage\"},\"thumbnailUrl\":\"https:\/\/iatse.net\/wp-content\/uploads\/2021\/06\/2020-09-29-CleDebate-Union-And-Constitution-Forever-1.jpg\",\"keywords\":[\"Political and Legislative\"],\"articleSection\":[\"News\"],\"inLanguage\":\"fr-CA\"},{\"@type\":\"WebPage\",\"@id\":\"https:\/\/iatse.net\/iatse-endorses-obama-for-president\/\",\"url\":\"https:\/\/iatse.net\/iatse-endorses-obama-for-president\/\",\"name\":\"ºìÌÒÊÓÆµEndorses Obama for President - IATSE\",\"isPartOf\":{\"@id\":\"https:\/\/iatse.net\/#website\"},\"primaryImageOfPage\":{\"@id\":\"https:\/\/iatse.net\/iatse-endorses-obama-for-president\/#primaryimage\"},\"image\":{\"@id\":\"https:\/\/iatse.net\/iatse-endorses-obama-for-president\/#primaryimage\"},\"thumbnailUrl\":\"https:\/\/iatse.net\/wp-content\/uploads\/2021\/06\/2020-09-29-CleDebate-Union-And-Constitution-Forever-1.jpg\",\"datePublished\":\"2008-08-13T00:00:00+00:00\",\"dateModified\":\"2021-06-21T18:28:41+00:00\",\"breadcrumb\":{\"@id\":\"https:\/\/iatse.net\/iatse-endorses-obama-for-president\/#breadcrumb\"},\"inLanguage\":\"fr-CA\",\"potentialAction\":[{\"@type\":\"ReadAction\",\"target\":[\"https:\/\/iatse.net\/iatse-endorses-obama-for-president\/\"]}]},{\"@type\":\"ImageObject\",\"inLanguage\":\"fr-CA\",\"@id\":\"https:\/\/iatse.net\/iatse-endorses-obama-for-president\/#primaryimage\",\"url\":\"https:\/\/iatse.net\/wp-content\/uploads\/2021\/06\/2020-09-29-CleDebate-Union-And-Constitution-Forever-1.jpg\",\"contentUrl\":\"https:\/\/iatse.net\/wp-content\/uploads\/2021\/06\/2020-09-29-CleDebate-Union-And-Constitution-Forever-1.jpg\",\"width\":787,\"height\":549,\"caption\":\"ºìÌÒÊÓÆµGeneral Board Endorses Obama 2nd Term\"},{\"@type\":\"BreadcrumbList\",\"@id\":\"https:\/\/iatse.net\/iatse-endorses-obama-for-president\/#breadcrumb\",\"itemListElement\":[{\"@type\":\"ListItem\",\"position\":1,\"name\":\"Home\",\"item\":\"https:\/\/iatse.net\/\"},{\"@type\":\"ListItem\",\"position\":2,\"name\":\"ºìÌÒÊÓÆµEndorses Obama for President\"}]},{\"@type\":\"WebSite\",\"@id\":\"https:\/\/iatse.net\/#website\",\"url\":\"https:\/\/iatse.net\/\",\"name\":\"IATSE\",\"description\":\"The Union Behind Entertainment\",\"publisher\":{\"@id\":\"https:\/\/iatse.net\/#organization\"},\"potentialAction\":[{\"@type\":\"SearchAction\",\"target\":{\"@type\":\"EntryPoint\",\"urlTemplate\":\"https:\/\/iatse.net\/?s={search_term_string}\"},\"query-input\":{\"@type\":\"PropertyValueSpecification\",\"valueRequired\":true,\"valueName\":\"search_term_string\"}}],\"inLanguage\":\"fr-CA\"},{\"@type\":\"Organization\",\"@id\":\"https:\/\/iatse.net\/#organization\",\"name\":\"IATSE\",\"url\":\"https:\/\/iatse.net\/\",\"logo\":{\"@type\":\"ImageObject\",\"inLanguage\":\"fr-CA\",\"@id\":\"https:\/\/iatse.net\/#\/schema\/logo\/image\/\",\"url\":\"https:\/\/iatse.net\/wp-content\/uploads\/2021\/03\/IATSE_Logo_White.png\",\"contentUrl\":\"https:\/\/iatse.net\/wp-content\/uploads\/2021\/03\/IATSE_Logo_White.png\",\"width\":2100,\"height\":1987,\"caption\":\"IATSE\"},\"image\":{\"@id\":\"https:\/\/iatse.net\/#\/schema\/logo\/image\/\"}},{\"@type\":\"Person\",\"@id\":\"https:\/\/iatse.net\/#\/schema\/person\/0f70e66471ace00026b129e85eb44df0\",\"name\":\"ºìÌÒÊÓÆµCommunications\",\"image\":{\"@type\":\"ImageObject\",\"inLanguage\":\"fr-CA\",\"@id\":\"https:\/\/iatse.net\/#\/schema\/person\/image\/\",\"url\":\"https:\/\/secure.gravatar.com\/avatar\/35aecdeea9e9584c91ca1675b0997004?s=96&d=mm&r=g\",\"contentUrl\":\"https:\/\/secure.gravatar.com\/avatar\/35aecdeea9e9584c91ca1675b0997004?s=96&d=mm&r=g\",\"caption\":\"ºìÌÒÊÓÆµCommunications\"},\"sameAs\":[\"https:\/\/iatse.net\"],\"url\":\"https:\/\/iatse.net\/fr\/author\/communications\/\"}]}<\/script>\n<!-- \/ Yoast SEO plugin. -->","yoast_head_json":{"title":"ºìÌÒÊÓÆµEndorses Obama for President - IATSE","robots":{"index":"index","follow":"follow","max-snippet":"max-snippet:-1","max-image-preview":"max-image-preview:large","max-video-preview":"max-video-preview:-1"},"canonical":"https:\/\/iatse.net\/fr\/iatse-endorses-obama-for-president\/","og_locale":"fr_CA","og_type":"article","og_title":"ºìÌÒÊÓÆµEndorses Obama for President - IATSE","og_description":"NEW YORK \u2013 The ºìÌÒÊÓÆµhas officially endorsed Illinois Senator Barack Obama for President. The endorsement comes after Obama addressed the Chicago meeting of the Executive Council of the AFL-CIO [&hellip;]","og_url":"https:\/\/iatse.net\/fr\/iatse-endorses-obama-for-president\/","og_site_name":"IATSE","article_published_time":"2008-08-13T00:00:00+00:00","article_modified_time":"2021-06-21T18:28:41+00:00","og_image":[{"width":787,"height":549,"url":"https:\/\/iatse.net\/wp-content\/uploads\/2021\/06\/2020-09-29-CleDebate-Union-And-Constitution-Forever-1.jpg","type":"image\/jpeg"}],"author":"ºìÌÒÊÓÆµCommunications","twitter_card":"summary_large_image","twitter_misc":{"\u00c9crit par":"ºìÌÒÊÓÆµCommunications","Estimation du temps de lecture":"1 minute"},"schema":{"@context":"https:\/\/schema.org","@graph":[{"@type":"Article","@id":"https:\/\/iatse.net\/iatse-endorses-obama-for-president\/#article","isPartOf":{"@id":"https:\/\/iatse.net\/iatse-endorses-obama-for-president\/"},"author":{"name":"ºìÌÒÊÓÆµCommunications","@id":"https:\/\/iatse.net\/#\/schema\/person\/0f70e66471ace00026b129e85eb44df0"},"headline":"ºìÌÒÊÓÆµEndorses Obama for President","datePublished":"2008-08-13T00:00:00+00:00","dateModified":"2021-06-21T18:28:41+00:00","mainEntityOfPage":{"@id":"https:\/\/iatse.net\/iatse-endorses-obama-for-president\/"},"wordCount":176,"commentCount":0,"publisher":{"@id":"https:\/\/iatse.net\/#organization"},"image":{"@id":"https:\/\/iatse.net\/iatse-endorses-obama-for-president\/#primaryimage"},"thumbnailUrl":"https:\/\/iatse.net\/wp-content\/uploads\/2021\/06\/2020-09-29-CleDebate-Union-And-Constitution-Forever-1.jpg","keywords":["Political and Legislative"],"articleSection":["News"],"inLanguage":"fr-CA"},{"@type":"WebPage","@id":"https:\/\/iatse.net\/iatse-endorses-obama-for-president\/","url":"https:\/\/iatse.net\/iatse-endorses-obama-for-president\/","name":"ºìÌÒÊÓÆµEndorses Obama for President - IATSE","isPartOf":{"@id":"https:\/\/iatse.net\/#website"},"primaryImageOfPage":{"@id":"https:\/\/iatse.net\/iatse-endorses-obama-for-president\/#primaryimage"},"image":{"@id":"https:\/\/iatse.net\/iatse-endorses-obama-for-president\/#primaryimage"},"thumbnailUrl":"https:\/\/iatse.net\/wp-content\/uploads\/2021\/06\/2020-09-29-CleDebate-Union-And-Constitution-Forever-1.jpg","datePublished":"2008-08-13T00:00:00+00:00","dateModified":"2021-06-21T18:28:41+00:00","breadcrumb":{"@id":"https:\/\/iatse.net\/iatse-endorses-obama-for-president\/#breadcrumb"},"inLanguage":"fr-CA","potentialAction":[{"@type":"ReadAction","target":["https:\/\/iatse.net\/iatse-endorses-obama-for-president\/"]}]},{"@type":"ImageObject","inLanguage":"fr-CA","@id":"https:\/\/iatse.net\/iatse-endorses-obama-for-president\/#primaryimage","url":"https:\/\/iatse.net\/wp-content\/uploads\/2021\/06\/2020-09-29-CleDebate-Union-And-Constitution-Forever-1.jpg","contentUrl":"https:\/\/iatse.net\/wp-content\/uploads\/2021\/06\/2020-09-29-CleDebate-Union-And-Constitution-Forever-1.jpg","width":787,"height":549,"caption":"ºìÌÒÊÓÆµGeneral Board Endorses Obama 2nd Term"},{"@type":"BreadcrumbList","@id":"https:\/\/iatse.net\/iatse-endorses-obama-for-president\/#breadcrumb","itemListElement":[{"@type":"ListItem","position":1,"name":"Home","item":"https:\/\/iatse.net\/"},{"@type":"ListItem","position":2,"name":"ºìÌÒÊÓÆµEndorses Obama for President"}]},{"@type":"WebSite","@id":"https:\/\/iatse.net\/#website","url":"https:\/\/iatse.net\/","name":"IATSE","description":"The Union Behind Entertainment","publisher":{"@id":"https:\/\/iatse.net\/#organization"},"potentialAction":[{"@type":"SearchAction","target":{"@type":"EntryPoint","urlTemplate":"https:\/\/iatse.net\/?s={search_term_string}"},"query-input":{"@type":"PropertyValueSpecification","valueRequired":true,"valueName":"search_term_string"}}],"inLanguage":"fr-CA"},{"@type":"Organization","@id":"https:\/\/iatse.net\/#organization","name":"IATSE","url":"https:\/\/iatse.net\/","logo":{"@type":"ImageObject","inLanguage":"fr-CA","@id":"https:\/\/iatse.net\/#\/schema\/logo\/image\/","url":"https:\/\/iatse.net\/wp-content\/uploads\/2021\/03\/IATSE_Logo_White.png","contentUrl":"https:\/\/iatse.net\/wp-content\/uploads\/2021\/03\/IATSE_Logo_White.png","width":2100,"height":1987,"caption":"IATSE"},"image":{"@id":"https:\/\/iatse.net\/#\/schema\/logo\/image\/"}},{"@type":"Person","@id":"https:\/\/iatse.net\/#\/schema\/person\/0f70e66471ace00026b129e85eb44df0","name":"ºìÌÒÊÓÆµCommunications","image":{"@type":"ImageObject","inLanguage":"fr-CA","@id":"https:\/\/iatse.net\/#\/schema\/person\/image\/","url":"https:\/\/secure.gravatar.com\/avatar\/35aecdeea9e9584c91ca1675b0997004?s=96&d=mm&r=g","contentUrl":"https:\/\/secure.gravatar.com\/avatar\/35aecdeea9e9584c91ca1675b0997004?s=96&d=mm&r=g","caption":"ºìÌÒÊÓÆµCommunications"},"sameAs":["https:\/\/iatse.net"],"url":"https:\/\/iatse.net\/fr\/author\/communications\/"}]}},"acf":[],"_links":{"self":[{"href":"https:\/\/iatse.net\/fr\/wp-json\/wp\/v2\/posts\/1824"}],"collection":[{"href":"https:\/\/iatse.net\/fr\/wp-json\/wp\/v2\/posts"}],"about":[{"href":"https:\/\/iatse.net\/fr\/wp-json\/wp\/v2\/types\/post"}],"author":[{"embeddable":true,"href":"https:\/\/iatse.net\/fr\/wp-json\/wp\/v2\/users\/1"}],"replies":[{"embeddable":true,"href":"https:\/\/iatse.net\/fr\/wp-json\/wp\/v2\/comments?post=1824"}],"version-history":[{"count":1,"href":"https:\/\/iatse.net\/fr\/wp-json\/wp\/v2\/posts\/1824\/revisions"}],"predecessor-version":[{"id":3428,"href":"https:\/\/iatse.net\/fr\/wp-json\/wp\/v2\/posts\/1824\/revisions\/3428"}],"wp:featuredmedia":[{"embeddable":true,"href":"https:\/\/iatse.net\/fr\/wp-json\/wp\/v2\/media\/1729"}],"wp:attachment":[{"href":"https:\/\/iatse.net\/fr\/wp-json\/wp\/v2\/media?parent=1824"}],"wp:term":[{"taxonomy":"category","embeddable":true,"href":"https:\/\/iatse.net\/fr\/wp-json\/wp\/v2\/categories?post=1824"},{"taxonomy":"post_tag","embeddable":true,"href":"https:\/\/iatse.net\/fr\/wp-json\/wp\/v2\/tags?post=1824"}],"curies":[{"name":"wp","href":"https:\/\/api.w.org\/{rel}","templated":true}]}}