  {"id":1825,"date":"2008-08-08T00:00:00","date_gmt":"2008-08-08T00:00:00","guid":{"rendered":"https:\/\/iatse.net\/2008\/08\/08\/iatse-local-6-donates-to-wounded-marines-in-honor-of-thomas-c-short\/"},"modified":"2008-08-08T00:00:00","modified_gmt":"2008-08-08T00:00:00","slug":"iatse-local-6-donates-to-wounded-marines-in-honor-of-thomas-c-short","status":"publish","type":"post","link":"https:\/\/iatse.net\/fr\/iatse-local-6-donates-to-wounded-marines-in-honor-of-thomas-c-short\/","title":{"rendered":"La section 6 de l'ºìÌÒÊÓÆµfait un don aux Marines bless\u00e9s en l'honneur de Thomas C. Short"},"content":{"rendered":"<p>ST. LOUIS, le 18 ao\u00fbt - La section locale 6 de l'ºìÌÒÊÓÆµpour les machinistes, bas\u00e9e \u00e0 St. Louis, a fait une contribution de $1 000 \u00e0 la Wounded Marines Careers Foundation (WMCF) en l'honneur du pr\u00e9sident \u00e9m\u00e9rite sortant de l'IATSE, Thomas C. Short. John T. Beckman Jr, neuvi\u00e8me vice-pr\u00e9sident de l'AI et agent d'affaires de la section locale 6, a \u00e9t\u00e9 tellement impressionn\u00e9 par la pr\u00e9sentation faite par la WMCF lors de la r\u00e9union du conseil ex\u00e9cutif g\u00e9n\u00e9ral de l'AI au milieu de l'\u00e9t\u00e9, \u00e0 San Diego, le 28 juillet, qu'il a soumis la proposition de don aux membres de la section locale, o\u00f9 elle a re\u00e7u un soutien imm\u00e9diat et unanime.<\/p>\n<p>Le WMCF est un programme de formation et de placement professionnel unique en son genre destin\u00e9 aux Marines et aux Navy Corpsmen bless\u00e9s en Irak et en Afghanistan. Il leur permet d'acqu\u00e9rir des comp\u00e9tences professionnelles nouvelles et commercialisables pour faire carri\u00e8re dans les m\u00e9dias apr\u00e8s leur r\u00e9habilitation. Des cours sur les m\u00e9dias, la r\u00e9alisation de films, la conception sonore, le montage, l'\u00e9criture, le graphisme et le photojournalisme ont \u00e9t\u00e9 dispens\u00e9s par des membres de diverses sections locales de l'IA et des conf\u00e9renciers invit\u00e9s. Dix-neuf \u00e9tudiants ont suivi le cours de dix semaines et ont obtenu leur dipl\u00f4me le 20 mars 2008. Les 19 ont \u00e9t\u00e9 intronis\u00e9s dans l'ºìÌÒÊÓÆµlors de la pr\u00e9sentation du 28 juillet, au cours de laquelle ils ont pr\u00e9sent\u00e9 une vid\u00e9o de 8 minutes sur le programme, \u00e9crite, tourn\u00e9e et mont\u00e9e par les \u00e9tudiants.<\/p>\n<p>La pr\u00e9sentation a \u00e9t\u00e9 ovationn\u00e9e par le Conseil ex\u00e9cutif g\u00e9n\u00e9ral, les repr\u00e9sentants internationaux et les nombreux repr\u00e9sentants locaux de l'IA pr\u00e9sents. La pr\u00e9sentation a \u00e9galement marqu\u00e9 les d\u00e9buts de SEMPER FIlms, la soci\u00e9t\u00e9 de production filiale du FMAC, qui produira des projets documentaires, promotionnels, industriels et commerciaux, y compris la r\u00e9alisation de dossiers de presse \u00e9lectroniques pour les grands films de studio et les programmes de t\u00e9l\u00e9vision.<\/p>\n<p>Les cofondateurs de la FMAC, Kevin Lombard, membre de la section 600 dont le p\u00e8re \u00e9tait un marine de la Seconde Guerre mondiale, et Judith Paixao, ont install\u00e9 le centre de formation de 5 000 m\u00b2 au nord de San Diego, dans les studios Stu Segall. Le programme est le seul \u00e9tablissement d'enseignement pour v\u00e9t\u00e9rans du pays \u00e0 avoir obtenu la certification de formation Apple. La prochaine classe commence cet automne.<\/p>","protected":false},"excerpt":{"rendered":"<p>ST. LOUIS, 18 ao\u00fbt - La section locale 6 de l'IATSE, Stagehands, bas\u00e9e \u00e0 St. Louis, a fait une contribution de $1,000 \u00e0 la Wounded Marines Careers Foundation (WMCF) en l'honneur d'un retrait\u00e9 de l'ºìÌÒÊÓÆµ[...]<\/p>","protected":false},"author":1,"featured_media":1522,"comment_status":"open","ping_status":"open","sticky":false,"template":"","format":"standard","meta":{"_acf_changed":false,"_monsterinsights_skip_tracking":false,"_monsterinsights_sitenote_active":false,"_monsterinsights_sitenote_note":"","_monsterinsights_sitenote_category":0,"footnotes":""},"categories":[8],"tags":[20],"yoast_head":"<!-- This site is optimized with the Yoast SEO plugin v23.5 - https:\/\/yoast.com\/wordpress\/plugins\/seo\/ -->\n<title>ºìÌÒÊÓÆµLocal 6 Donates to Wounded Marines in Honor of Thomas C. Short - IATSE<\/title>\n<meta name=\"robots\" content=\"index, follow, max-snippet:-1, max-image-preview:large, max-video-preview:-1\" \/>\n<link rel=\"canonical\" href=\"https:\/\/iatse.net\/fr\/iatse-local-6-donates-to-wounded-marines-in-honor-of-thomas-c-short\/\" \/>\n<meta property=\"og:locale\" content=\"fr_CA\" \/>\n<meta property=\"og:type\" content=\"article\" \/>\n<meta property=\"og:title\" content=\"ºìÌÒÊÓÆµLocal 6 Donates to Wounded Marines in Honor of Thomas C. Short - IATSE\" \/>\n<meta property=\"og:description\" content=\"ST. LOUIS, Aug. 18 \u2013 ºìÌÒÊÓÆµLocal 6 Stagehands based in St. Louis, has made a $1,000 contribution to the Wounded Marines Careers Foundation (WMCF) in honor of retiring ºìÌÒÊÓÆµ[&hellip;]\" \/>\n<meta property=\"og:url\" content=\"https:\/\/iatse.net\/fr\/iatse-local-6-donates-to-wounded-marines-in-honor-of-thomas-c-short\/\" \/>\n<meta property=\"og:site_name\" content=\"IATSE\" \/>\n<meta property=\"article:published_time\" content=\"2008-08-08T00:00:00+00:00\" \/>\n<meta property=\"og:image\" content=\"https:\/\/iatse.net\/wp-content\/uploads\/2021\/06\/motionpicture695-1.jpg\" \/>\n\t<meta property=\"og:image:width\" content=\"640\" \/>\n\t<meta property=\"og:image:height\" content=\"377\" \/>\n\t<meta property=\"og:image:type\" content=\"image\/jpeg\" \/>\n<meta name=\"author\" content=\"ºìÌÒÊÓÆµCommunications\" \/>\n<meta name=\"twitter:card\" content=\"summary_large_image\" \/>\n<meta name=\"twitter:label1\" content=\"\u00c9crit par\" \/>\n\t<meta name=\"twitter:data1\" content=\"ºìÌÒÊÓÆµCommunications\" \/>\n\t<meta name=\"twitter:label2\" content=\"Estimation du temps de lecture\" \/>\n\t<meta name=\"twitter:data2\" content=\"2 minutes\" \/>\n<script type=\"application\/ld+json\" class=\"yoast-schema-graph\">{\"@context\":\"https:\/\/schema.org\",\"@graph\":[{\"@type\":\"Article\",\"@id\":\"https:\/\/iatse.net\/fr\/iatse-local-6-donates-to-wounded-marines-in-honor-of-thomas-c-short\/#article\",\"isPartOf\":{\"@id\":\"https:\/\/iatse.net\/fr\/iatse-local-6-donates-to-wounded-marines-in-honor-of-thomas-c-short\/\"},\"author\":{\"name\":\"ºìÌÒÊÓÆµCommunications\",\"@id\":\"https:\/\/iatse.net\/#\/schema\/person\/0f70e66471ace00026b129e85eb44df0\"},\"headline\":\"ºìÌÒÊÓÆµLocal 6 Donates to Wounded Marines in Honor of Thomas C. Short\",\"datePublished\":\"2008-08-08T00:00:00+00:00\",\"dateModified\":\"2008-08-08T00:00:00+00:00\",\"mainEntityOfPage\":{\"@id\":\"https:\/\/iatse.net\/fr\/iatse-local-6-donates-to-wounded-marines-in-honor-of-thomas-c-short\/\"},\"wordCount\":315,\"commentCount\":0,\"publisher\":{\"@id\":\"https:\/\/iatse.net\/#organization\"},\"image\":{\"@id\":\"https:\/\/iatse.net\/fr\/iatse-local-6-donates-to-wounded-marines-in-honor-of-thomas-c-short\/#primaryimage\"},\"thumbnailUrl\":\"https:\/\/iatse.net\/wp-content\/uploads\/2021\/06\/motionpicture695-1.jpg\",\"keywords\":[\"Motion Picture and Television\"],\"articleSection\":[\"News\"],\"inLanguage\":\"fr-CA\"},{\"@type\":\"WebPage\",\"@id\":\"https:\/\/iatse.net\/fr\/iatse-local-6-donates-to-wounded-marines-in-honor-of-thomas-c-short\/\",\"url\":\"https:\/\/iatse.net\/fr\/iatse-local-6-donates-to-wounded-marines-in-honor-of-thomas-c-short\/\",\"name\":\"ºìÌÒÊÓÆµLocal 6 Donates to Wounded Marines in Honor of Thomas C. Short - IATSE\",\"isPartOf\":{\"@id\":\"https:\/\/iatse.net\/#website\"},\"primaryImageOfPage\":{\"@id\":\"https:\/\/iatse.net\/fr\/iatse-local-6-donates-to-wounded-marines-in-honor-of-thomas-c-short\/#primaryimage\"},\"image\":{\"@id\":\"https:\/\/iatse.net\/fr\/iatse-local-6-donates-to-wounded-marines-in-honor-of-thomas-c-short\/#primaryimage\"},\"thumbnailUrl\":\"https:\/\/iatse.net\/wp-content\/uploads\/2021\/06\/motionpicture695-1.jpg\",\"datePublished\":\"2008-08-08T00:00:00+00:00\",\"dateModified\":\"2008-08-08T00:00:00+00:00\",\"breadcrumb\":{\"@id\":\"https:\/\/iatse.net\/fr\/iatse-local-6-donates-to-wounded-marines-in-honor-of-thomas-c-short\/#breadcrumb\"},\"inLanguage\":\"fr-CA\",\"potentialAction\":[{\"@type\":\"ReadAction\",\"target\":[\"https:\/\/iatse.net\/fr\/iatse-local-6-donates-to-wounded-marines-in-honor-of-thomas-c-short\/\"]}]},{\"@type\":\"ImageObject\",\"inLanguage\":\"fr-CA\",\"@id\":\"https:\/\/iatse.net\/fr\/iatse-local-6-donates-to-wounded-marines-in-honor-of-thomas-c-short\/#primaryimage\",\"url\":\"https:\/\/iatse.net\/wp-content\/uploads\/2021\/06\/motionpicture695-1.jpg\",\"contentUrl\":\"https:\/\/iatse.net\/wp-content\/uploads\/2021\/06\/motionpicture695-1.jpg\",\"width\":640,\"height\":377,\"caption\":\"IA President Short Appoints Safety Chairman\"},{\"@type\":\"BreadcrumbList\",\"@id\":\"https:\/\/iatse.net\/fr\/iatse-local-6-donates-to-wounded-marines-in-honor-of-thomas-c-short\/#breadcrumb\",\"itemListElement\":[{\"@type\":\"ListItem\",\"position\":1,\"name\":\"Home\",\"item\":\"https:\/\/iatse.net\/\"},{\"@type\":\"ListItem\",\"position\":2,\"name\":\"ºìÌÒÊÓÆµLocal 6 Donates to Wounded Marines in Honor of Thomas C. Short\"}]},{\"@type\":\"WebSite\",\"@id\":\"https:\/\/iatse.net\/#website\",\"url\":\"https:\/\/iatse.net\/\",\"name\":\"IATSE\",\"description\":\"The Union Behind Entertainment\",\"publisher\":{\"@id\":\"https:\/\/iatse.net\/#organization\"},\"potentialAction\":[{\"@type\":\"SearchAction\",\"target\":{\"@type\":\"EntryPoint\",\"urlTemplate\":\"https:\/\/iatse.net\/?s={search_term_string}\"},\"query-input\":{\"@type\":\"PropertyValueSpecification\",\"valueRequired\":true,\"valueName\":\"search_term_string\"}}],\"inLanguage\":\"fr-CA\"},{\"@type\":\"Organization\",\"@id\":\"https:\/\/iatse.net\/#organization\",\"name\":\"IATSE\",\"url\":\"https:\/\/iatse.net\/\",\"logo\":{\"@type\":\"ImageObject\",\"inLanguage\":\"fr-CA\",\"@id\":\"https:\/\/iatse.net\/#\/schema\/logo\/image\/\",\"url\":\"https:\/\/iatse.net\/wp-content\/uploads\/2021\/03\/IATSE_Logo_White.png\",\"contentUrl\":\"https:\/\/iatse.net\/wp-content\/uploads\/2021\/03\/IATSE_Logo_White.png\",\"width\":2100,\"height\":1987,\"caption\":\"IATSE\"},\"image\":{\"@id\":\"https:\/\/iatse.net\/#\/schema\/logo\/image\/\"}},{\"@type\":\"Person\",\"@id\":\"https:\/\/iatse.net\/#\/schema\/person\/0f70e66471ace00026b129e85eb44df0\",\"name\":\"ºìÌÒÊÓÆµCommunications\",\"image\":{\"@type\":\"ImageObject\",\"inLanguage\":\"fr-CA\",\"@id\":\"https:\/\/iatse.net\/#\/schema\/person\/image\/\",\"url\":\"https:\/\/secure.gravatar.com\/avatar\/35aecdeea9e9584c91ca1675b0997004?s=96&d=mm&r=g\",\"contentUrl\":\"https:\/\/secure.gravatar.com\/avatar\/35aecdeea9e9584c91ca1675b0997004?s=96&d=mm&r=g\",\"caption\":\"ºìÌÒÊÓÆµCommunications\"},\"sameAs\":[\"https:\/\/iatse.net\"],\"url\":\"https:\/\/iatse.net\/fr\/author\/communications\/\"}]}<\/script>\n<!-- \/ Yoast SEO plugin. -->","yoast_head_json":{"title":"ºìÌÒÊÓÆµLocal 6 Donates to Wounded Marines in Honor of Thomas C. Short - IATSE","robots":{"index":"index","follow":"follow","max-snippet":"max-snippet:-1","max-image-preview":"max-image-preview:large","max-video-preview":"max-video-preview:-1"},"canonical":"https:\/\/iatse.net\/fr\/iatse-local-6-donates-to-wounded-marines-in-honor-of-thomas-c-short\/","og_locale":"fr_CA","og_type":"article","og_title":"ºìÌÒÊÓÆµLocal 6 Donates to Wounded Marines in Honor of Thomas C. Short - IATSE","og_description":"ST. LOUIS, Aug. 18 \u2013 ºìÌÒÊÓÆµLocal 6 Stagehands based in St. Louis, has made a $1,000 contribution to the Wounded Marines Careers Foundation (WMCF) in honor of retiring ºìÌÒÊÓÆµ[&hellip;]","og_url":"https:\/\/iatse.net\/fr\/iatse-local-6-donates-to-wounded-marines-in-honor-of-thomas-c-short\/","og_site_name":"IATSE","article_published_time":"2008-08-08T00:00:00+00:00","og_image":[{"width":640,"height":377,"url":"https:\/\/iatse.net\/wp-content\/uploads\/2021\/06\/motionpicture695-1.jpg","type":"image\/jpeg"}],"author":"ºìÌÒÊÓÆµCommunications","twitter_card":"summary_large_image","twitter_misc":{"\u00c9crit par":"ºìÌÒÊÓÆµCommunications","Estimation du temps de lecture":"2 minutes"},"schema":{"@context":"https:\/\/schema.org","@graph":[{"@type":"Article","@id":"https:\/\/iatse.net\/fr\/iatse-local-6-donates-to-wounded-marines-in-honor-of-thomas-c-short\/#article","isPartOf":{"@id":"https:\/\/iatse.net\/fr\/iatse-local-6-donates-to-wounded-marines-in-honor-of-thomas-c-short\/"},"author":{"name":"ºìÌÒÊÓÆµCommunications","@id":"https:\/\/iatse.net\/#\/schema\/person\/0f70e66471ace00026b129e85eb44df0"},"headline":"ºìÌÒÊÓÆµLocal 6 Donates to Wounded Marines in Honor of Thomas C. Short","datePublished":"2008-08-08T00:00:00+00:00","dateModified":"2008-08-08T00:00:00+00:00","mainEntityOfPage":{"@id":"https:\/\/iatse.net\/fr\/iatse-local-6-donates-to-wounded-marines-in-honor-of-thomas-c-short\/"},"wordCount":315,"commentCount":0,"publisher":{"@id":"https:\/\/iatse.net\/#organization"},"image":{"@id":"https:\/\/iatse.net\/fr\/iatse-local-6-donates-to-wounded-marines-in-honor-of-thomas-c-short\/#primaryimage"},"thumbnailUrl":"https:\/\/iatse.net\/wp-content\/uploads\/2021\/06\/motionpicture695-1.jpg","keywords":["Motion Picture and Television"],"articleSection":["News"],"inLanguage":"fr-CA"},{"@type":"WebPage","@id":"https:\/\/iatse.net\/fr\/iatse-local-6-donates-to-wounded-marines-in-honor-of-thomas-c-short\/","url":"https:\/\/iatse.net\/fr\/iatse-local-6-donates-to-wounded-marines-in-honor-of-thomas-c-short\/","name":"ºìÌÒÊÓÆµLocal 6 Donates to Wounded Marines in Honor of Thomas C. Short - IATSE","isPartOf":{"@id":"https:\/\/iatse.net\/#website"},"primaryImageOfPage":{"@id":"https:\/\/iatse.net\/fr\/iatse-local-6-donates-to-wounded-marines-in-honor-of-thomas-c-short\/#primaryimage"},"image":{"@id":"https:\/\/iatse.net\/fr\/iatse-local-6-donates-to-wounded-marines-in-honor-of-thomas-c-short\/#primaryimage"},"thumbnailUrl":"https:\/\/iatse.net\/wp-content\/uploads\/2021\/06\/motionpicture695-1.jpg","datePublished":"2008-08-08T00:00:00+00:00","dateModified":"2008-08-08T00:00:00+00:00","breadcrumb":{"@id":"https:\/\/iatse.net\/fr\/iatse-local-6-donates-to-wounded-marines-in-honor-of-thomas-c-short\/#breadcrumb"},"inLanguage":"fr-CA","potentialAction":[{"@type":"ReadAction","target":["https:\/\/iatse.net\/fr\/iatse-local-6-donates-to-wounded-marines-in-honor-of-thomas-c-short\/"]}]},{"@type":"ImageObject","inLanguage":"fr-CA","@id":"https:\/\/iatse.net\/fr\/iatse-local-6-donates-to-wounded-marines-in-honor-of-thomas-c-short\/#primaryimage","url":"https:\/\/iatse.net\/wp-content\/uploads\/2021\/06\/motionpicture695-1.jpg","contentUrl":"https:\/\/iatse.net\/wp-content\/uploads\/2021\/06\/motionpicture695-1.jpg","width":640,"height":377,"caption":"IA President Short Appoints Safety Chairman"},{"@type":"BreadcrumbList","@id":"https:\/\/iatse.net\/fr\/iatse-local-6-donates-to-wounded-marines-in-honor-of-thomas-c-short\/#breadcrumb","itemListElement":[{"@type":"ListItem","position":1,"name":"Home","item":"https:\/\/iatse.net\/"},{"@type":"ListItem","position":2,"name":"ºìÌÒÊÓÆµLocal 6 Donates to Wounded Marines in Honor of Thomas C. Short"}]},{"@type":"WebSite","@id":"https:\/\/iatse.net\/#website","url":"https:\/\/iatse.net\/","name":"IATSE","description":"The Union Behind Entertainment","publisher":{"@id":"https:\/\/iatse.net\/#organization"},"potentialAction":[{"@type":"SearchAction","target":{"@type":"EntryPoint","urlTemplate":"https:\/\/iatse.net\/?s={search_term_string}"},"query-input":{"@type":"PropertyValueSpecification","valueRequired":true,"valueName":"search_term_string"}}],"inLanguage":"fr-CA"},{"@type":"Organization","@id":"https:\/\/iatse.net\/#organization","name":"IATSE","url":"https:\/\/iatse.net\/","logo":{"@type":"ImageObject","inLanguage":"fr-CA","@id":"https:\/\/iatse.net\/#\/schema\/logo\/image\/","url":"https:\/\/iatse.net\/wp-content\/uploads\/2021\/03\/IATSE_Logo_White.png","contentUrl":"https:\/\/iatse.net\/wp-content\/uploads\/2021\/03\/IATSE_Logo_White.png","width":2100,"height":1987,"caption":"IATSE"},"image":{"@id":"https:\/\/iatse.net\/#\/schema\/logo\/image\/"}},{"@type":"Person","@id":"https:\/\/iatse.net\/#\/schema\/person\/0f70e66471ace00026b129e85eb44df0","name":"ºìÌÒÊÓÆµCommunications","image":{"@type":"ImageObject","inLanguage":"fr-CA","@id":"https:\/\/iatse.net\/#\/schema\/person\/image\/","url":"https:\/\/secure.gravatar.com\/avatar\/35aecdeea9e9584c91ca1675b0997004?s=96&d=mm&r=g","contentUrl":"https:\/\/secure.gravatar.com\/avatar\/35aecdeea9e9584c91ca1675b0997004?s=96&d=mm&r=g","caption":"ºìÌÒÊÓÆµCommunications"},"sameAs":["https:\/\/iatse.net"],"url":"https:\/\/iatse.net\/fr\/author\/communications\/"}]}},"acf":[],"_links":{"self":[{"href":"https:\/\/iatse.net\/fr\/wp-json\/wp\/v2\/posts\/1825"}],"collection":[{"href":"https:\/\/iatse.net\/fr\/wp-json\/wp\/v2\/posts"}],"about":[{"href":"https:\/\/iatse.net\/fr\/wp-json\/wp\/v2\/types\/post"}],"author":[{"embeddable":true,"href":"https:\/\/iatse.net\/fr\/wp-json\/wp\/v2\/users\/1"}],"replies":[{"embeddable":true,"href":"https:\/\/iatse.net\/fr\/wp-json\/wp\/v2\/comments?post=1825"}],"version-history":[{"count":0,"href":"https:\/\/iatse.net\/fr\/wp-json\/wp\/v2\/posts\/1825\/revisions"}],"wp:featuredmedia":[{"embeddable":true,"href":"https:\/\/iatse.net\/fr\/wp-json\/wp\/v2\/media\/1522"}],"wp:attachment":[{"href":"https:\/\/iatse.net\/fr\/wp-json\/wp\/v2\/media?parent=1825"}],"wp:term":[{"taxonomy":"category","embeddable":true,"href":"https:\/\/iatse.net\/fr\/wp-json\/wp\/v2\/categories?post=1825"},{"taxonomy":"post_tag","embeddable":true,"href":"https:\/\/iatse.net\/fr\/wp-json\/wp\/v2\/tags?post=1825"}],"curies":[{"name":"wp","href":"https:\/\/api.w.org\/{rel}","templated":true}]}}