  {"id":1876,"date":"2006-02-09T00:00:00","date_gmt":"2006-02-09T00:00:00","guid":{"rendered":"https:\/\/iatse.net\/2006\/02\/09\/joseph-aredas-retires-vp-michael-miller-appointed-representative-in-charge-of-the-west-coast-office\/"},"modified":"2006-02-09T00:00:00","modified_gmt":"2006-02-09T00:00:00","slug":"joseph-aredas-retires-vp-michael-miller-appointed-representative-in-charge-of-the-west-coast-office","status":"publish","type":"post","link":"https:\/\/iatse.net\/fr\/joseph-aredas-retires-vp-michael-miller-appointed-representative-in-charge-of-the-west-coast-office\/","title":{"rendered":"Joseph Aredas prend sa retraite, le vice-pr\u00e9sident Michael Miller est nomm\u00e9 repr\u00e9sentant en charge du bureau de la c\u00f4te ouest"},"content":{"rendered":"<p>PALM HARBOR, Floride, 9 f\u00e9vrier - Joseph A. Aredas, repr\u00e9sentant international en charge du bureau de la c\u00f4te ouest et membre de l'ºìÌÒÊÓÆµdepuis 1967, a annonc\u00e9 sa retraite aujourd'hui (9 f\u00e9vrier) lors de la r\u00e9union du bureau ex\u00e9cutif g\u00e9n\u00e9ral de l'ºìÌÒÊÓÆµqui s'est tenue cette semaine \u00e0 Palm Harbor, en Floride.<\/p>\n<p>Michael F. Miller, Jr, onzi\u00e8me vice-pr\u00e9sident international du bureau ex\u00e9cutif g\u00e9n\u00e9ral de l'IATSE, a \u00e9t\u00e9 nomm\u00e9 repr\u00e9sentant en charge du bureau de la c\u00f4te ouest par le pr\u00e9sident international Thomas C. Short pour succ\u00e9der \u00e0 M. Aredas.<\/p>\n<p>\"Joe Aredas est un homme de confiance, respect\u00e9 et admir\u00e9 par tout le monde dans l'industrie du divertissement\", a d\u00e9clar\u00e9 le pr\u00e9sident international Short. \"Il a \u00e9t\u00e9 un ami pour moi pendant 30 ans et a contribu\u00e9 \u00e0 la croissance des sections locales d'Hollywood jusqu'aux 30 000 membres que nous avons aujourd'hui. Son influence sur ce syndicat se fera sentir pour les g\u00e9n\u00e9rations \u00e0 venir.\"<\/p>\n<p>M. Aredas est le repr\u00e9sentant international en charge du bureau de la c\u00f4te ouest depuis sa nomination par le pr\u00e9sident international Short en 1998. Originaire de Los Angeles, il a commenc\u00e9 sa carri\u00e8re dans l'industrie du divertissement en 1967 \u00e0 l'atelier d'usinage de MGM en tant que membre de l'ancien ºìÌÒÊÓÆµLocal 789 Cinetechnicians. En 1980, il a \u00e9t\u00e9 nomm\u00e9 repr\u00e9sentant commercial adjoint de la section 695 de l'IATSE, poste qu'il a occup\u00e9 pendant sept ans. Peu apr\u00e8s, il a accept\u00e9 un poste chez Consolidated Film Industries (CFI), un laboratoire de d\u00e9veloppement de films cin\u00e9matographiques d'Hollywood, en tant que vice-pr\u00e9sident des relations de travail. En d\u00e9cembre 1997, il a quitt\u00e9 CFI pour occuper le poste de directeur administratif du Fonds fiduciaire de l'administration des services contractuels de l'industrie, qui est administr\u00e9 conjointement par les producteurs et l'IATSE. M. Aredas est vice-pr\u00e9sident de la California Labor Federation, AFL-CIO, et si\u00e8ge au conseil d'administration de l'Entertainment Industry Development Corporation (EIDC), du Motion Picture and Television Fund, de l'Entertainment Industry Foundation, de la California Film Commission et du Board of Airport Commissioners of Los Angeles.<\/p>\n<p>Le onzi\u00e8me vice-pr\u00e9sident international Miller est membre du bureau ex\u00e9cutif depuis juillet 2004. M. Miller a commenc\u00e9 sa carri\u00e8re au sein de l'ºìÌÒÊÓÆµen 1990 avec la section 27 des machinistes de l'ºìÌÒÊÓÆµ\u00e0 Cleveland, Ohio. En 1993, il a \u00e9t\u00e9 \u00e9lu au conseil ex\u00e9cutif de cette section et a occup\u00e9 cette fonction jusqu'\u00e0 ce qu'il soit \u00e9lu secr\u00e9taire-tr\u00e9sorier en 2000. Il a \u00e9galement travaill\u00e9 en tant qu'agent commercial du d\u00e9partement sp\u00e9cial B-27 bas\u00e9 \u00e0 Cleveland. En 2001, M. Miller a rejoint le bureau de la c\u00f4te ouest de l'ºìÌÒÊÓÆµen tant que repr\u00e9sentant international.<\/p>\n<p>M. Miller est \u00e9galement membre de l'ºìÌÒÊÓÆµLocal 209 Studio Mechanics, et de l'ºìÌÒÊÓÆµLocal 80 Grips. Son p\u00e8re et plusieurs de ses cousins sont \u00e9galement membres de l'IATSE. Il est \u00e9galement membre du conseil d'administration des r\u00e9gimes de retraite et de sant\u00e9 de l'industrie cin\u00e9matographique.<\/p>","protected":false},"excerpt":{"rendered":"<p>PALM HARBOR, Floride, 9 f\u00e9vrier - Joseph A. Aredas, repr\u00e9sentant international en charge du bureau de la c\u00f4te ouest et membre de l'ºìÌÒÊÓÆµdepuis 1967, a annonc\u00e9 sa retraite aujourd'hui (9 f\u00e9vrier) [...].<\/p>","protected":false},"author":1,"featured_media":1734,"comment_status":"open","ping_status":"open","sticky":false,"template":"","format":"standard","meta":{"_acf_changed":false,"_monsterinsights_skip_tracking":false,"_monsterinsights_sitenote_active":false,"_monsterinsights_sitenote_note":"","_monsterinsights_sitenote_category":0,"footnotes":""},"categories":[8],"tags":[],"yoast_head":"<!-- This site is optimized with the Yoast SEO plugin v23.5 - https:\/\/yoast.com\/wordpress\/plugins\/seo\/ -->\n<title>Joseph Aredas Retires, VP Michael Miller appointed Representative-in-Charge of the West Coast Office - IATSE<\/title>\n<meta name=\"robots\" content=\"index, follow, max-snippet:-1, max-image-preview:large, max-video-preview:-1\" \/>\n<link rel=\"canonical\" href=\"https:\/\/iatse.net\/fr\/joseph-aredas-retires-vp-michael-miller-appointed-representative-in-charge-of-the-west-coast-office\/\" \/>\n<meta property=\"og:locale\" content=\"fr_CA\" \/>\n<meta property=\"og:type\" content=\"article\" \/>\n<meta property=\"og:title\" content=\"Joseph Aredas Retires, VP Michael Miller appointed Representative-in-Charge of the West Coast Office - IATSE\" \/>\n<meta property=\"og:description\" content=\"PALM HARBOR, Fl., Feb. 9 \u2013 Joseph A. Aredas, International Representative-in-Charge of the West Coast Office and a member of the ºìÌÒÊÓÆµsince 1967, announced his retirement today (February 9) [&hellip;]\" \/>\n<meta property=\"og:url\" content=\"https:\/\/iatse.net\/fr\/joseph-aredas-retires-vp-michael-miller-appointed-representative-in-charge-of-the-west-coast-office\/\" \/>\n<meta property=\"og:site_name\" content=\"IATSE\" \/>\n<meta property=\"article:published_time\" content=\"2006-02-09T00:00:00+00:00\" \/>\n<meta property=\"og:image\" content=\"https:\/\/iatse.net\/wp-content\/uploads\/2021\/06\/Untitled-design-1.jpg\" \/>\n\t<meta property=\"og:image:width\" content=\"1920\" \/>\n\t<meta property=\"og:image:height\" content=\"1080\" \/>\n\t<meta property=\"og:image:type\" content=\"image\/jpeg\" \/>\n<meta name=\"author\" content=\"ºìÌÒÊÓÆµCommunications\" \/>\n<meta name=\"twitter:card\" content=\"summary_large_image\" \/>\n<meta name=\"twitter:label1\" content=\"\u00c9crit par\" \/>\n\t<meta name=\"twitter:data1\" content=\"ºìÌÒÊÓÆµCommunications\" \/>\n\t<meta name=\"twitter:label2\" content=\"Estimation du temps de lecture\" \/>\n\t<meta name=\"twitter:data2\" content=\"2 minutes\" \/>\n<script type=\"application\/ld+json\" class=\"yoast-schema-graph\">{\"@context\":\"https:\/\/schema.org\",\"@graph\":[{\"@type\":\"Article\",\"@id\":\"https:\/\/iatse.net\/joseph-aredas-retires-vp-michael-miller-appointed-representative-in-charge-of-the-west-coast-office\/#article\",\"isPartOf\":{\"@id\":\"https:\/\/iatse.net\/joseph-aredas-retires-vp-michael-miller-appointed-representative-in-charge-of-the-west-coast-office\/\"},\"author\":{\"name\":\"ºìÌÒÊÓÆµCommunications\",\"@id\":\"https:\/\/iatse.net\/#\/schema\/person\/0f70e66471ace00026b129e85eb44df0\"},\"headline\":\"Joseph Aredas Retires, VP Michael Miller appointed Representative-in-Charge of the West Coast Office\",\"datePublished\":\"2006-02-09T00:00:00+00:00\",\"dateModified\":\"2006-02-09T00:00:00+00:00\",\"mainEntityOfPage\":{\"@id\":\"https:\/\/iatse.net\/joseph-aredas-retires-vp-michael-miller-appointed-representative-in-charge-of-the-west-coast-office\/\"},\"wordCount\":426,\"commentCount\":0,\"publisher\":{\"@id\":\"https:\/\/iatse.net\/#organization\"},\"image\":{\"@id\":\"https:\/\/iatse.net\/joseph-aredas-retires-vp-michael-miller-appointed-representative-in-charge-of-the-west-coast-office\/#primaryimage\"},\"thumbnailUrl\":\"https:\/\/iatse.net\/wp-content\/uploads\/2021\/06\/Untitled-design-1.jpg\",\"articleSection\":[\"News\"],\"inLanguage\":\"fr-CA\"},{\"@type\":\"WebPage\",\"@id\":\"https:\/\/iatse.net\/joseph-aredas-retires-vp-michael-miller-appointed-representative-in-charge-of-the-west-coast-office\/\",\"url\":\"https:\/\/iatse.net\/joseph-aredas-retires-vp-michael-miller-appointed-representative-in-charge-of-the-west-coast-office\/\",\"name\":\"Joseph Aredas Retires, VP Michael Miller appointed Representative-in-Charge of the West Coast Office - IATSE\",\"isPartOf\":{\"@id\":\"https:\/\/iatse.net\/#website\"},\"primaryImageOfPage\":{\"@id\":\"https:\/\/iatse.net\/joseph-aredas-retires-vp-michael-miller-appointed-representative-in-charge-of-the-west-coast-office\/#primaryimage\"},\"image\":{\"@id\":\"https:\/\/iatse.net\/joseph-aredas-retires-vp-michael-miller-appointed-representative-in-charge-of-the-west-coast-office\/#primaryimage\"},\"thumbnailUrl\":\"https:\/\/iatse.net\/wp-content\/uploads\/2021\/06\/Untitled-design-1.jpg\",\"datePublished\":\"2006-02-09T00:00:00+00:00\",\"dateModified\":\"2006-02-09T00:00:00+00:00\",\"breadcrumb\":{\"@id\":\"https:\/\/iatse.net\/joseph-aredas-retires-vp-michael-miller-appointed-representative-in-charge-of-the-west-coast-office\/#breadcrumb\"},\"inLanguage\":\"fr-CA\",\"potentialAction\":[{\"@type\":\"ReadAction\",\"target\":[\"https:\/\/iatse.net\/joseph-aredas-retires-vp-michael-miller-appointed-representative-in-charge-of-the-west-coast-office\/\"]}]},{\"@type\":\"ImageObject\",\"inLanguage\":\"fr-CA\",\"@id\":\"https:\/\/iatse.net\/joseph-aredas-retires-vp-michael-miller-appointed-representative-in-charge-of-the-west-coast-office\/#primaryimage\",\"url\":\"https:\/\/iatse.net\/wp-content\/uploads\/2021\/06\/Untitled-design-1.jpg\",\"contentUrl\":\"https:\/\/iatse.net\/wp-content\/uploads\/2021\/06\/Untitled-design-1.jpg\",\"width\":1920,\"height\":1080,\"caption\":\"Jewish Labor Committee Honors Loeb\"},{\"@type\":\"BreadcrumbList\",\"@id\":\"https:\/\/iatse.net\/joseph-aredas-retires-vp-michael-miller-appointed-representative-in-charge-of-the-west-coast-office\/#breadcrumb\",\"itemListElement\":[{\"@type\":\"ListItem\",\"position\":1,\"name\":\"Home\",\"item\":\"https:\/\/iatse.net\/\"},{\"@type\":\"ListItem\",\"position\":2,\"name\":\"Joseph Aredas Retires, VP Michael Miller appointed Representative-in-Charge of the West Coast Office\"}]},{\"@type\":\"WebSite\",\"@id\":\"https:\/\/iatse.net\/#website\",\"url\":\"https:\/\/iatse.net\/\",\"name\":\"IATSE\",\"description\":\"The Union Behind Entertainment\",\"publisher\":{\"@id\":\"https:\/\/iatse.net\/#organization\"},\"potentialAction\":[{\"@type\":\"SearchAction\",\"target\":{\"@type\":\"EntryPoint\",\"urlTemplate\":\"https:\/\/iatse.net\/?s={search_term_string}\"},\"query-input\":{\"@type\":\"PropertyValueSpecification\",\"valueRequired\":true,\"valueName\":\"search_term_string\"}}],\"inLanguage\":\"fr-CA\"},{\"@type\":\"Organization\",\"@id\":\"https:\/\/iatse.net\/#organization\",\"name\":\"IATSE\",\"url\":\"https:\/\/iatse.net\/\",\"logo\":{\"@type\":\"ImageObject\",\"inLanguage\":\"fr-CA\",\"@id\":\"https:\/\/iatse.net\/#\/schema\/logo\/image\/\",\"url\":\"https:\/\/iatse.net\/wp-content\/uploads\/2021\/03\/IATSE_Logo_White.png\",\"contentUrl\":\"https:\/\/iatse.net\/wp-content\/uploads\/2021\/03\/IATSE_Logo_White.png\",\"width\":2100,\"height\":1987,\"caption\":\"IATSE\"},\"image\":{\"@id\":\"https:\/\/iatse.net\/#\/schema\/logo\/image\/\"}},{\"@type\":\"Person\",\"@id\":\"https:\/\/iatse.net\/#\/schema\/person\/0f70e66471ace00026b129e85eb44df0\",\"name\":\"ºìÌÒÊÓÆµCommunications\",\"image\":{\"@type\":\"ImageObject\",\"inLanguage\":\"fr-CA\",\"@id\":\"https:\/\/iatse.net\/#\/schema\/person\/image\/\",\"url\":\"https:\/\/secure.gravatar.com\/avatar\/35aecdeea9e9584c91ca1675b0997004?s=96&d=mm&r=g\",\"contentUrl\":\"https:\/\/secure.gravatar.com\/avatar\/35aecdeea9e9584c91ca1675b0997004?s=96&d=mm&r=g\",\"caption\":\"ºìÌÒÊÓÆµCommunications\"},\"sameAs\":[\"https:\/\/iatse.net\"],\"url\":\"https:\/\/iatse.net\/fr\/author\/communications\/\"}]}<\/script>\n<!-- \/ Yoast SEO plugin. -->","yoast_head_json":{"title":"Joseph Aredas Retires, VP Michael Miller appointed Representative-in-Charge of the West Coast Office - IATSE","robots":{"index":"index","follow":"follow","max-snippet":"max-snippet:-1","max-image-preview":"max-image-preview:large","max-video-preview":"max-video-preview:-1"},"canonical":"https:\/\/iatse.net\/fr\/joseph-aredas-retires-vp-michael-miller-appointed-representative-in-charge-of-the-west-coast-office\/","og_locale":"fr_CA","og_type":"article","og_title":"Joseph Aredas Retires, VP Michael Miller appointed Representative-in-Charge of the West Coast Office - IATSE","og_description":"PALM HARBOR, Fl., Feb. 9 \u2013 Joseph A. Aredas, International Representative-in-Charge of the West Coast Office and a member of the ºìÌÒÊÓÆµsince 1967, announced his retirement today (February 9) [&hellip;]","og_url":"https:\/\/iatse.net\/fr\/joseph-aredas-retires-vp-michael-miller-appointed-representative-in-charge-of-the-west-coast-office\/","og_site_name":"IATSE","article_published_time":"2006-02-09T00:00:00+00:00","og_image":[{"width":1920,"height":1080,"url":"https:\/\/iatse.net\/wp-content\/uploads\/2021\/06\/Untitled-design-1.jpg","type":"image\/jpeg"}],"author":"ºìÌÒÊÓÆµCommunications","twitter_card":"summary_large_image","twitter_misc":{"\u00c9crit par":"ºìÌÒÊÓÆµCommunications","Estimation du temps de lecture":"2 minutes"},"schema":{"@context":"https:\/\/schema.org","@graph":[{"@type":"Article","@id":"https:\/\/iatse.net\/joseph-aredas-retires-vp-michael-miller-appointed-representative-in-charge-of-the-west-coast-office\/#article","isPartOf":{"@id":"https:\/\/iatse.net\/joseph-aredas-retires-vp-michael-miller-appointed-representative-in-charge-of-the-west-coast-office\/"},"author":{"name":"ºìÌÒÊÓÆµCommunications","@id":"https:\/\/iatse.net\/#\/schema\/person\/0f70e66471ace00026b129e85eb44df0"},"headline":"Joseph Aredas Retires, VP Michael Miller appointed Representative-in-Charge of the West Coast Office","datePublished":"2006-02-09T00:00:00+00:00","dateModified":"2006-02-09T00:00:00+00:00","mainEntityOfPage":{"@id":"https:\/\/iatse.net\/joseph-aredas-retires-vp-michael-miller-appointed-representative-in-charge-of-the-west-coast-office\/"},"wordCount":426,"commentCount":0,"publisher":{"@id":"https:\/\/iatse.net\/#organization"},"image":{"@id":"https:\/\/iatse.net\/joseph-aredas-retires-vp-michael-miller-appointed-representative-in-charge-of-the-west-coast-office\/#primaryimage"},"thumbnailUrl":"https:\/\/iatse.net\/wp-content\/uploads\/2021\/06\/Untitled-design-1.jpg","articleSection":["News"],"inLanguage":"fr-CA"},{"@type":"WebPage","@id":"https:\/\/iatse.net\/joseph-aredas-retires-vp-michael-miller-appointed-representative-in-charge-of-the-west-coast-office\/","url":"https:\/\/iatse.net\/joseph-aredas-retires-vp-michael-miller-appointed-representative-in-charge-of-the-west-coast-office\/","name":"Joseph Aredas Retires, VP Michael Miller appointed Representative-in-Charge of the West Coast Office - IATSE","isPartOf":{"@id":"https:\/\/iatse.net\/#website"},"primaryImageOfPage":{"@id":"https:\/\/iatse.net\/joseph-aredas-retires-vp-michael-miller-appointed-representative-in-charge-of-the-west-coast-office\/#primaryimage"},"image":{"@id":"https:\/\/iatse.net\/joseph-aredas-retires-vp-michael-miller-appointed-representative-in-charge-of-the-west-coast-office\/#primaryimage"},"thumbnailUrl":"https:\/\/iatse.net\/wp-content\/uploads\/2021\/06\/Untitled-design-1.jpg","datePublished":"2006-02-09T00:00:00+00:00","dateModified":"2006-02-09T00:00:00+00:00","breadcrumb":{"@id":"https:\/\/iatse.net\/joseph-aredas-retires-vp-michael-miller-appointed-representative-in-charge-of-the-west-coast-office\/#breadcrumb"},"inLanguage":"fr-CA","potentialAction":[{"@type":"ReadAction","target":["https:\/\/iatse.net\/joseph-aredas-retires-vp-michael-miller-appointed-representative-in-charge-of-the-west-coast-office\/"]}]},{"@type":"ImageObject","inLanguage":"fr-CA","@id":"https:\/\/iatse.net\/joseph-aredas-retires-vp-michael-miller-appointed-representative-in-charge-of-the-west-coast-office\/#primaryimage","url":"https:\/\/iatse.net\/wp-content\/uploads\/2021\/06\/Untitled-design-1.jpg","contentUrl":"https:\/\/iatse.net\/wp-content\/uploads\/2021\/06\/Untitled-design-1.jpg","width":1920,"height":1080,"caption":"Jewish Labor Committee Honors Loeb"},{"@type":"BreadcrumbList","@id":"https:\/\/iatse.net\/joseph-aredas-retires-vp-michael-miller-appointed-representative-in-charge-of-the-west-coast-office\/#breadcrumb","itemListElement":[{"@type":"ListItem","position":1,"name":"Home","item":"https:\/\/iatse.net\/"},{"@type":"ListItem","position":2,"name":"Joseph Aredas Retires, VP Michael Miller appointed Representative-in-Charge of the West Coast Office"}]},{"@type":"WebSite","@id":"https:\/\/iatse.net\/#website","url":"https:\/\/iatse.net\/","name":"IATSE","description":"The Union Behind Entertainment","publisher":{"@id":"https:\/\/iatse.net\/#organization"},"potentialAction":[{"@type":"SearchAction","target":{"@type":"EntryPoint","urlTemplate":"https:\/\/iatse.net\/?s={search_term_string}"},"query-input":{"@type":"PropertyValueSpecification","valueRequired":true,"valueName":"search_term_string"}}],"inLanguage":"fr-CA"},{"@type":"Organization","@id":"https:\/\/iatse.net\/#organization","name":"IATSE","url":"https:\/\/iatse.net\/","logo":{"@type":"ImageObject","inLanguage":"fr-CA","@id":"https:\/\/iatse.net\/#\/schema\/logo\/image\/","url":"https:\/\/iatse.net\/wp-content\/uploads\/2021\/03\/IATSE_Logo_White.png","contentUrl":"https:\/\/iatse.net\/wp-content\/uploads\/2021\/03\/IATSE_Logo_White.png","width":2100,"height":1987,"caption":"IATSE"},"image":{"@id":"https:\/\/iatse.net\/#\/schema\/logo\/image\/"}},{"@type":"Person","@id":"https:\/\/iatse.net\/#\/schema\/person\/0f70e66471ace00026b129e85eb44df0","name":"ºìÌÒÊÓÆµCommunications","image":{"@type":"ImageObject","inLanguage":"fr-CA","@id":"https:\/\/iatse.net\/#\/schema\/person\/image\/","url":"https:\/\/secure.gravatar.com\/avatar\/35aecdeea9e9584c91ca1675b0997004?s=96&d=mm&r=g","contentUrl":"https:\/\/secure.gravatar.com\/avatar\/35aecdeea9e9584c91ca1675b0997004?s=96&d=mm&r=g","caption":"ºìÌÒÊÓÆµCommunications"},"sameAs":["https:\/\/iatse.net"],"url":"https:\/\/iatse.net\/fr\/author\/communications\/"}]}},"acf":[],"_links":{"self":[{"href":"https:\/\/iatse.net\/fr\/wp-json\/wp\/v2\/posts\/1876"}],"collection":[{"href":"https:\/\/iatse.net\/fr\/wp-json\/wp\/v2\/posts"}],"about":[{"href":"https:\/\/iatse.net\/fr\/wp-json\/wp\/v2\/types\/post"}],"author":[{"embeddable":true,"href":"https:\/\/iatse.net\/fr\/wp-json\/wp\/v2\/users\/1"}],"replies":[{"embeddable":true,"href":"https:\/\/iatse.net\/fr\/wp-json\/wp\/v2\/comments?post=1876"}],"version-history":[{"count":0,"href":"https:\/\/iatse.net\/fr\/wp-json\/wp\/v2\/posts\/1876\/revisions"}],"wp:featuredmedia":[{"embeddable":true,"href":"https:\/\/iatse.net\/fr\/wp-json\/wp\/v2\/media\/1734"}],"wp:attachment":[{"href":"https:\/\/iatse.net\/fr\/wp-json\/wp\/v2\/media?parent=1876"}],"wp:term":[{"taxonomy":"category","embeddable":true,"href":"https:\/\/iatse.net\/fr\/wp-json\/wp\/v2\/categories?post=1876"},{"taxonomy":"post_tag","embeddable":true,"href":"https:\/\/iatse.net\/fr\/wp-json\/wp\/v2\/tags?post=1876"}],"curies":[{"name":"wp","href":"https:\/\/api.w.org\/{rel}","templated":true}]}}