  {"id":1923,"date":"2004-07-23T00:00:00","date_gmt":"2004-07-23T00:00:00","guid":{"rendered":"https:\/\/iatse.net\/2004\/07\/23\/jean-fox-and-daniel-j-kerins-retire-from-iatse-general-executive-board-michael-f-miller-jr-and-john-t-beckman-jr-elected-as-12th-and-13th-international-vice-presidents\/"},"modified":"2004-07-23T00:00:00","modified_gmt":"2004-07-23T00:00:00","slug":"jean-fox-and-daniel-j-kerins-retire-from-iatse-general-executive-board-michael-f-miller-jr-and-john-t-beckman-jr-elected-as-12th-and-13th-international-vice-presidents","status":"publish","type":"post","link":"https:\/\/iatse.net\/fr\/jean-fox-and-daniel-j-kerins-retire-from-iatse-general-executive-board-michael-f-miller-jr-and-john-t-beckman-jr-elected-as-12th-and-13th-international-vice-presidents\/","title":{"rendered":"JEAN FOX ET DANIEL J. KERINS PRENNENT LE RETRAIT DU BUREAU EXECUTIF GENERAL DE L'ºìÌÒÊÓÆµ- Michael F. Miller, Jr. et John T. Beckman, Jr. \u00e9lus 12\u00e8me et 13\u00e8me Vice-pr\u00e9sidents internationaux"},"content":{"rendered":"<p>Le pr\u00e9sident international Thomas C. Short a annonc\u00e9 des changements au sein du bureau ex\u00e9cutif g\u00e9n\u00e9ral de l'ºìÌÒÊÓÆµqui ont eu lieu lors de la session d'\u00e9t\u00e9 2004 de la r\u00e9union du bureau ex\u00e9cutif g\u00e9n\u00e9ral de l'ºìÌÒÊÓÆµqui s'est tenue \u00e0 Los Angeles, CA.<\/p>\n<p>Daniel J. Kerins, deuxi\u00e8me vice-pr\u00e9sident international, et Jean Fox, quatri\u00e8me vice-pr\u00e9sident international, ont quitt\u00e9 leurs fonctions au sein du Bureau ex\u00e9cutif g\u00e9n\u00e9ral de l'IATSE.<\/p>\n<p>Ont \u00e9t\u00e9 \u00e9lus pour combler les postes vacants au conseil d'administration Michael F. Miller, repr\u00e9sentant international actuellement bas\u00e9 au bureau de l'ºìÌÒÊÓÆµde la c\u00f4te ouest, et John T. Beckman, agent d'affaires pour le Local 6, situ\u00e9 \u00e0 St. Louis, MO.<\/p>\n<p>Daniel Kerins a occup\u00e9 le poste de vice-pr\u00e9sident international pendant 17 ans. Il a \u00e9galement travaill\u00e9 comme agent d'affaires de la section locale 2 de l'ºìÌÒÊÓÆµpendant 29 ans, o\u00f9 il a commenc\u00e9 sa carri\u00e8re. Il a pass\u00e9 un an comme secr\u00e9taire de la section locale avant d'assumer le poste d'agent d'affaires. L'ºìÌÒÊÓÆµest une tradition familiale dans la famille Kerins. Son p\u00e8re, ses cinq oncles et son fr\u00e8re en \u00e9taient membres et il a deux fils et un gendre qui travaillent comme membres de la section locale de la sc\u00e9nographie.<\/p>\n<p>Jean Fox a occup\u00e9 le poste de vice-pr\u00e9sident international de l'ºìÌÒÊÓÆµpendant 11 ans, tout en dirigeant la branche californienne du d\u00e9partement sp\u00e9cial. Fox a \u00e9t\u00e9 d\u00e9l\u00e9gu\u00e9e syndicale en chef de la branche californienne - d\u00e9partement sp\u00e9cial de 1968 \u00e0 1978. En 1978, Mme Fox est devenue repr\u00e9sentante internationale en charge de la branche californienne du d\u00e9partement sp\u00e9cial de l'IATSE, poste qu'elle occupe depuis 26 ans. En plus de son service \u00e0 l'IATSE, Mme Fox est \u00e9galement d\u00e9l\u00e9gu\u00e9e \u00e0 la Los Angeles County Federation of Labor.<\/p>\n<p>\"Les contributions de Jean Fox et de Dan Kerins \u00e0 la croissance de l'ºìÌÒÊÓÆµne peuvent \u00eatre surestim\u00e9es. Avec leur d\u00e9part \u00e0 la retraite s'en va une quantit\u00e9 incommensurable d'histoire et de tradition\", a d\u00e9clar\u00e9 le pr\u00e9sident international Short.<\/p>\n<p>Miller et Beckman ont pris leurs fonctions imm\u00e9diatement apr\u00e8s le vote unanime qui a eu lieu en session ex\u00e9cutive.<\/p>\n<p>\"L'arriv\u00e9e de Michael Miller, Jr. et de John Beckman, Jr. garantit que les progr\u00e8s de l'ºìÌÒÊÓÆµse poursuivront et que nous resterons une force importante dans le domaine du divertissement aux \u00c9tats-Unis et au Canada\", a d\u00e9clar\u00e9 M. Short.<\/p>","protected":false},"excerpt":{"rendered":"<p>Le pr\u00e9sident international Thomas C. Short a annonc\u00e9 des changements au sein du bureau ex\u00e9cutif g\u00e9n\u00e9ral de l'ºìÌÒÊÓÆµqui ont eu lieu lors de la session d'\u00e9t\u00e9 2004 de la r\u00e9union du bureau ex\u00e9cutif g\u00e9n\u00e9ral de l'ºìÌÒÊÓÆµqui s'est tenue \u00e0 Los [...].<\/p>","protected":false},"author":1,"featured_media":1734,"comment_status":"open","ping_status":"open","sticky":false,"template":"","format":"standard","meta":{"_acf_changed":false,"_monsterinsights_skip_tracking":false,"_monsterinsights_sitenote_active":false,"_monsterinsights_sitenote_note":"","_monsterinsights_sitenote_category":0,"footnotes":""},"categories":[8],"tags":[],"yoast_head":"<!-- This site is optimized with the Yoast SEO plugin v23.5 - https:\/\/yoast.com\/wordpress\/plugins\/seo\/ -->\n<title>JEAN FOX AND DANIEL J. KERINS RETIRE FROM ºìÌÒÊÓÆµGENERAL EXECUTIVE BOARD - Michael F. Miller, Jr. and John T. Beckman, Jr. Elected As 12th and 13th International Vice Presidents - IATSE<\/title>\n<meta name=\"robots\" content=\"index, follow, max-snippet:-1, max-image-preview:large, max-video-preview:-1\" \/>\n<link rel=\"canonical\" href=\"https:\/\/iatse.net\/fr\/jean-fox-and-daniel-j-kerins-retire-from-iatse-general-executive-board-michael-f-miller-jr-and-john-t-beckman-jr-elected-as-12th-and-13th-international-vice-presidents\/\" \/>\n<meta property=\"og:locale\" content=\"fr_CA\" \/>\n<meta property=\"og:type\" content=\"article\" \/>\n<meta property=\"og:title\" content=\"JEAN FOX AND DANIEL J. KERINS RETIRE FROM ºìÌÒÊÓÆµGENERAL EXECUTIVE BOARD - Michael F. Miller, Jr. and John T. Beckman, Jr. Elected As 12th and 13th International Vice Presidents - IATSE\" \/>\n<meta property=\"og:description\" content=\"International President Thomas C. Short announced changes to the ºìÌÒÊÓÆµGeneral Executive Board that occurred during the 2004 Summer Session of the ºìÌÒÊÓÆµGeneral Executive Board Meeting held in Los [&hellip;]\" \/>\n<meta property=\"og:url\" content=\"https:\/\/iatse.net\/fr\/jean-fox-and-daniel-j-kerins-retire-from-iatse-general-executive-board-michael-f-miller-jr-and-john-t-beckman-jr-elected-as-12th-and-13th-international-vice-presidents\/\" \/>\n<meta property=\"og:site_name\" content=\"IATSE\" \/>\n<meta property=\"article:published_time\" content=\"2004-07-23T00:00:00+00:00\" \/>\n<meta property=\"og:image\" content=\"https:\/\/iatse.net\/wp-content\/uploads\/2021\/06\/Untitled-design-1.jpg\" \/>\n\t<meta property=\"og:image:width\" content=\"1920\" \/>\n\t<meta property=\"og:image:height\" content=\"1080\" \/>\n\t<meta property=\"og:image:type\" content=\"image\/jpeg\" \/>\n<meta name=\"author\" content=\"ºìÌÒÊÓÆµCommunications\" \/>\n<meta name=\"twitter:card\" content=\"summary_large_image\" \/>\n<meta name=\"twitter:label1\" content=\"\u00c9crit par\" \/>\n\t<meta name=\"twitter:data1\" content=\"ºìÌÒÊÓÆµCommunications\" \/>\n\t<meta name=\"twitter:label2\" content=\"Estimation du temps de lecture\" \/>\n\t<meta name=\"twitter:data2\" content=\"2 minutes\" \/>\n<script type=\"application\/ld+json\" class=\"yoast-schema-graph\">{\"@context\":\"https:\/\/schema.org\",\"@graph\":[{\"@type\":\"Article\",\"@id\":\"https:\/\/iatse.net\/jean-fox-and-daniel-j-kerins-retire-from-iatse-general-executive-board-michael-f-miller-jr-and-john-t-beckman-jr-elected-as-12th-and-13th-international-vice-presidents\/#article\",\"isPartOf\":{\"@id\":\"https:\/\/iatse.net\/jean-fox-and-daniel-j-kerins-retire-from-iatse-general-executive-board-michael-f-miller-jr-and-john-t-beckman-jr-elected-as-12th-and-13th-international-vice-presidents\/\"},\"author\":{\"name\":\"ºìÌÒÊÓÆµCommunications\",\"@id\":\"https:\/\/iatse.net\/#\/schema\/person\/0f70e66471ace00026b129e85eb44df0\"},\"headline\":\"JEAN FOX AND DANIEL J. KERINS RETIRE FROM ºìÌÒÊÓÆµGENERAL EXECUTIVE BOARD &#8211; Michael F. Miller, Jr. and John T. Beckman, Jr. Elected As 12th and 13th International Vice Presidents\",\"datePublished\":\"2004-07-23T00:00:00+00:00\",\"dateModified\":\"2004-07-23T00:00:00+00:00\",\"mainEntityOfPage\":{\"@id\":\"https:\/\/iatse.net\/jean-fox-and-daniel-j-kerins-retire-from-iatse-general-executive-board-michael-f-miller-jr-and-john-t-beckman-jr-elected-as-12th-and-13th-international-vice-presidents\/\"},\"wordCount\":366,\"commentCount\":0,\"publisher\":{\"@id\":\"https:\/\/iatse.net\/#organization\"},\"image\":{\"@id\":\"https:\/\/iatse.net\/jean-fox-and-daniel-j-kerins-retire-from-iatse-general-executive-board-michael-f-miller-jr-and-john-t-beckman-jr-elected-as-12th-and-13th-international-vice-presidents\/#primaryimage\"},\"thumbnailUrl\":\"https:\/\/iatse.net\/wp-content\/uploads\/2021\/06\/Untitled-design-1.jpg\",\"articleSection\":[\"News\"],\"inLanguage\":\"fr-CA\"},{\"@type\":\"WebPage\",\"@id\":\"https:\/\/iatse.net\/jean-fox-and-daniel-j-kerins-retire-from-iatse-general-executive-board-michael-f-miller-jr-and-john-t-beckman-jr-elected-as-12th-and-13th-international-vice-presidents\/\",\"url\":\"https:\/\/iatse.net\/jean-fox-and-daniel-j-kerins-retire-from-iatse-general-executive-board-michael-f-miller-jr-and-john-t-beckman-jr-elected-as-12th-and-13th-international-vice-presidents\/\",\"name\":\"JEAN FOX AND DANIEL J. KERINS RETIRE FROM ºìÌÒÊÓÆµGENERAL EXECUTIVE BOARD - Michael F. Miller, Jr. and John T. Beckman, Jr. Elected As 12th and 13th International Vice Presidents - IATSE\",\"isPartOf\":{\"@id\":\"https:\/\/iatse.net\/#website\"},\"primaryImageOfPage\":{\"@id\":\"https:\/\/iatse.net\/jean-fox-and-daniel-j-kerins-retire-from-iatse-general-executive-board-michael-f-miller-jr-and-john-t-beckman-jr-elected-as-12th-and-13th-international-vice-presidents\/#primaryimage\"},\"image\":{\"@id\":\"https:\/\/iatse.net\/jean-fox-and-daniel-j-kerins-retire-from-iatse-general-executive-board-michael-f-miller-jr-and-john-t-beckman-jr-elected-as-12th-and-13th-international-vice-presidents\/#primaryimage\"},\"thumbnailUrl\":\"https:\/\/iatse.net\/wp-content\/uploads\/2021\/06\/Untitled-design-1.jpg\",\"datePublished\":\"2004-07-23T00:00:00+00:00\",\"dateModified\":\"2004-07-23T00:00:00+00:00\",\"breadcrumb\":{\"@id\":\"https:\/\/iatse.net\/jean-fox-and-daniel-j-kerins-retire-from-iatse-general-executive-board-michael-f-miller-jr-and-john-t-beckman-jr-elected-as-12th-and-13th-international-vice-presidents\/#breadcrumb\"},\"inLanguage\":\"fr-CA\",\"potentialAction\":[{\"@type\":\"ReadAction\",\"target\":[\"https:\/\/iatse.net\/jean-fox-and-daniel-j-kerins-retire-from-iatse-general-executive-board-michael-f-miller-jr-and-john-t-beckman-jr-elected-as-12th-and-13th-international-vice-presidents\/\"]}]},{\"@type\":\"ImageObject\",\"inLanguage\":\"fr-CA\",\"@id\":\"https:\/\/iatse.net\/jean-fox-and-daniel-j-kerins-retire-from-iatse-general-executive-board-michael-f-miller-jr-and-john-t-beckman-jr-elected-as-12th-and-13th-international-vice-presidents\/#primaryimage\",\"url\":\"https:\/\/iatse.net\/wp-content\/uploads\/2021\/06\/Untitled-design-1.jpg\",\"contentUrl\":\"https:\/\/iatse.net\/wp-content\/uploads\/2021\/06\/Untitled-design-1.jpg\",\"width\":1920,\"height\":1080,\"caption\":\"Jewish Labor Committee Honors Loeb\"},{\"@type\":\"BreadcrumbList\",\"@id\":\"https:\/\/iatse.net\/jean-fox-and-daniel-j-kerins-retire-from-iatse-general-executive-board-michael-f-miller-jr-and-john-t-beckman-jr-elected-as-12th-and-13th-international-vice-presidents\/#breadcrumb\",\"itemListElement\":[{\"@type\":\"ListItem\",\"position\":1,\"name\":\"Home\",\"item\":\"https:\/\/iatse.net\/\"},{\"@type\":\"ListItem\",\"position\":2,\"name\":\"JEAN FOX AND DANIEL J. KERINS RETIRE FROM ºìÌÒÊÓÆµGENERAL EXECUTIVE BOARD &#8211; Michael F. Miller, Jr. and John T. Beckman, Jr. Elected As 12th and 13th International Vice Presidents\"}]},{\"@type\":\"WebSite\",\"@id\":\"https:\/\/iatse.net\/#website\",\"url\":\"https:\/\/iatse.net\/\",\"name\":\"IATSE\",\"description\":\"The Union Behind Entertainment\",\"publisher\":{\"@id\":\"https:\/\/iatse.net\/#organization\"},\"potentialAction\":[{\"@type\":\"SearchAction\",\"target\":{\"@type\":\"EntryPoint\",\"urlTemplate\":\"https:\/\/iatse.net\/?s={search_term_string}\"},\"query-input\":{\"@type\":\"PropertyValueSpecification\",\"valueRequired\":true,\"valueName\":\"search_term_string\"}}],\"inLanguage\":\"fr-CA\"},{\"@type\":\"Organization\",\"@id\":\"https:\/\/iatse.net\/#organization\",\"name\":\"IATSE\",\"url\":\"https:\/\/iatse.net\/\",\"logo\":{\"@type\":\"ImageObject\",\"inLanguage\":\"fr-CA\",\"@id\":\"https:\/\/iatse.net\/#\/schema\/logo\/image\/\",\"url\":\"https:\/\/iatse.net\/wp-content\/uploads\/2021\/03\/IATSE_Logo_White.png\",\"contentUrl\":\"https:\/\/iatse.net\/wp-content\/uploads\/2021\/03\/IATSE_Logo_White.png\",\"width\":2100,\"height\":1987,\"caption\":\"IATSE\"},\"image\":{\"@id\":\"https:\/\/iatse.net\/#\/schema\/logo\/image\/\"}},{\"@type\":\"Person\",\"@id\":\"https:\/\/iatse.net\/#\/schema\/person\/0f70e66471ace00026b129e85eb44df0\",\"name\":\"ºìÌÒÊÓÆµCommunications\",\"image\":{\"@type\":\"ImageObject\",\"inLanguage\":\"fr-CA\",\"@id\":\"https:\/\/iatse.net\/#\/schema\/person\/image\/\",\"url\":\"https:\/\/secure.gravatar.com\/avatar\/35aecdeea9e9584c91ca1675b0997004?s=96&d=mm&r=g\",\"contentUrl\":\"https:\/\/secure.gravatar.com\/avatar\/35aecdeea9e9584c91ca1675b0997004?s=96&d=mm&r=g\",\"caption\":\"ºìÌÒÊÓÆµCommunications\"},\"sameAs\":[\"https:\/\/iatse.net\"],\"url\":\"https:\/\/iatse.net\/fr\/author\/communications\/\"}]}<\/script>\n<!-- \/ Yoast SEO plugin. -->","yoast_head_json":{"title":"JEAN FOX AND DANIEL J. KERINS RETIRE FROM ºìÌÒÊÓÆµGENERAL EXECUTIVE BOARD - Michael F. Miller, Jr. and John T. Beckman, Jr. Elected As 12th and 13th International Vice Presidents - IATSE","robots":{"index":"index","follow":"follow","max-snippet":"max-snippet:-1","max-image-preview":"max-image-preview:large","max-video-preview":"max-video-preview:-1"},"canonical":"https:\/\/iatse.net\/fr\/jean-fox-and-daniel-j-kerins-retire-from-iatse-general-executive-board-michael-f-miller-jr-and-john-t-beckman-jr-elected-as-12th-and-13th-international-vice-presidents\/","og_locale":"fr_CA","og_type":"article","og_title":"JEAN FOX AND DANIEL J. KERINS RETIRE FROM ºìÌÒÊÓÆµGENERAL EXECUTIVE BOARD - Michael F. Miller, Jr. and John T. Beckman, Jr. Elected As 12th and 13th International Vice Presidents - IATSE","og_description":"International President Thomas C. Short announced changes to the ºìÌÒÊÓÆµGeneral Executive Board that occurred during the 2004 Summer Session of the ºìÌÒÊÓÆµGeneral Executive Board Meeting held in Los [&hellip;]","og_url":"https:\/\/iatse.net\/fr\/jean-fox-and-daniel-j-kerins-retire-from-iatse-general-executive-board-michael-f-miller-jr-and-john-t-beckman-jr-elected-as-12th-and-13th-international-vice-presidents\/","og_site_name":"IATSE","article_published_time":"2004-07-23T00:00:00+00:00","og_image":[{"width":1920,"height":1080,"url":"https:\/\/iatse.net\/wp-content\/uploads\/2021\/06\/Untitled-design-1.jpg","type":"image\/jpeg"}],"author":"ºìÌÒÊÓÆµCommunications","twitter_card":"summary_large_image","twitter_misc":{"\u00c9crit par":"ºìÌÒÊÓÆµCommunications","Estimation du temps de lecture":"2 minutes"},"schema":{"@context":"https:\/\/schema.org","@graph":[{"@type":"Article","@id":"https:\/\/iatse.net\/jean-fox-and-daniel-j-kerins-retire-from-iatse-general-executive-board-michael-f-miller-jr-and-john-t-beckman-jr-elected-as-12th-and-13th-international-vice-presidents\/#article","isPartOf":{"@id":"https:\/\/iatse.net\/jean-fox-and-daniel-j-kerins-retire-from-iatse-general-executive-board-michael-f-miller-jr-and-john-t-beckman-jr-elected-as-12th-and-13th-international-vice-presidents\/"},"author":{"name":"ºìÌÒÊÓÆµCommunications","@id":"https:\/\/iatse.net\/#\/schema\/person\/0f70e66471ace00026b129e85eb44df0"},"headline":"JEAN FOX AND DANIEL J. KERINS RETIRE FROM ºìÌÒÊÓÆµGENERAL EXECUTIVE BOARD &#8211; Michael F. Miller, Jr. and John T. Beckman, Jr. Elected As 12th and 13th International Vice Presidents","datePublished":"2004-07-23T00:00:00+00:00","dateModified":"2004-07-23T00:00:00+00:00","mainEntityOfPage":{"@id":"https:\/\/iatse.net\/jean-fox-and-daniel-j-kerins-retire-from-iatse-general-executive-board-michael-f-miller-jr-and-john-t-beckman-jr-elected-as-12th-and-13th-international-vice-presidents\/"},"wordCount":366,"commentCount":0,"publisher":{"@id":"https:\/\/iatse.net\/#organization"},"image":{"@id":"https:\/\/iatse.net\/jean-fox-and-daniel-j-kerins-retire-from-iatse-general-executive-board-michael-f-miller-jr-and-john-t-beckman-jr-elected-as-12th-and-13th-international-vice-presidents\/#primaryimage"},"thumbnailUrl":"https:\/\/iatse.net\/wp-content\/uploads\/2021\/06\/Untitled-design-1.jpg","articleSection":["News"],"inLanguage":"fr-CA"},{"@type":"WebPage","@id":"https:\/\/iatse.net\/jean-fox-and-daniel-j-kerins-retire-from-iatse-general-executive-board-michael-f-miller-jr-and-john-t-beckman-jr-elected-as-12th-and-13th-international-vice-presidents\/","url":"https:\/\/iatse.net\/jean-fox-and-daniel-j-kerins-retire-from-iatse-general-executive-board-michael-f-miller-jr-and-john-t-beckman-jr-elected-as-12th-and-13th-international-vice-presidents\/","name":"JEAN FOX AND DANIEL J. KERINS RETIRE FROM ºìÌÒÊÓÆµGENERAL EXECUTIVE BOARD - Michael F. Miller, Jr. and John T. Beckman, Jr. Elected As 12th and 13th International Vice Presidents - IATSE","isPartOf":{"@id":"https:\/\/iatse.net\/#website"},"primaryImageOfPage":{"@id":"https:\/\/iatse.net\/jean-fox-and-daniel-j-kerins-retire-from-iatse-general-executive-board-michael-f-miller-jr-and-john-t-beckman-jr-elected-as-12th-and-13th-international-vice-presidents\/#primaryimage"},"image":{"@id":"https:\/\/iatse.net\/jean-fox-and-daniel-j-kerins-retire-from-iatse-general-executive-board-michael-f-miller-jr-and-john-t-beckman-jr-elected-as-12th-and-13th-international-vice-presidents\/#primaryimage"},"thumbnailUrl":"https:\/\/iatse.net\/wp-content\/uploads\/2021\/06\/Untitled-design-1.jpg","datePublished":"2004-07-23T00:00:00+00:00","dateModified":"2004-07-23T00:00:00+00:00","breadcrumb":{"@id":"https:\/\/iatse.net\/jean-fox-and-daniel-j-kerins-retire-from-iatse-general-executive-board-michael-f-miller-jr-and-john-t-beckman-jr-elected-as-12th-and-13th-international-vice-presidents\/#breadcrumb"},"inLanguage":"fr-CA","potentialAction":[{"@type":"ReadAction","target":["https:\/\/iatse.net\/jean-fox-and-daniel-j-kerins-retire-from-iatse-general-executive-board-michael-f-miller-jr-and-john-t-beckman-jr-elected-as-12th-and-13th-international-vice-presidents\/"]}]},{"@type":"ImageObject","inLanguage":"fr-CA","@id":"https:\/\/iatse.net\/jean-fox-and-daniel-j-kerins-retire-from-iatse-general-executive-board-michael-f-miller-jr-and-john-t-beckman-jr-elected-as-12th-and-13th-international-vice-presidents\/#primaryimage","url":"https:\/\/iatse.net\/wp-content\/uploads\/2021\/06\/Untitled-design-1.jpg","contentUrl":"https:\/\/iatse.net\/wp-content\/uploads\/2021\/06\/Untitled-design-1.jpg","width":1920,"height":1080,"caption":"Jewish Labor Committee Honors Loeb"},{"@type":"BreadcrumbList","@id":"https:\/\/iatse.net\/jean-fox-and-daniel-j-kerins-retire-from-iatse-general-executive-board-michael-f-miller-jr-and-john-t-beckman-jr-elected-as-12th-and-13th-international-vice-presidents\/#breadcrumb","itemListElement":[{"@type":"ListItem","position":1,"name":"Home","item":"https:\/\/iatse.net\/"},{"@type":"ListItem","position":2,"name":"JEAN FOX AND DANIEL J. KERINS RETIRE FROM ºìÌÒÊÓÆµGENERAL EXECUTIVE BOARD &#8211; Michael F. Miller, Jr. and John T. Beckman, Jr. Elected As 12th and 13th International Vice Presidents"}]},{"@type":"WebSite","@id":"https:\/\/iatse.net\/#website","url":"https:\/\/iatse.net\/","name":"IATSE","description":"The Union Behind Entertainment","publisher":{"@id":"https:\/\/iatse.net\/#organization"},"potentialAction":[{"@type":"SearchAction","target":{"@type":"EntryPoint","urlTemplate":"https:\/\/iatse.net\/?s={search_term_string}"},"query-input":{"@type":"PropertyValueSpecification","valueRequired":true,"valueName":"search_term_string"}}],"inLanguage":"fr-CA"},{"@type":"Organization","@id":"https:\/\/iatse.net\/#organization","name":"IATSE","url":"https:\/\/iatse.net\/","logo":{"@type":"ImageObject","inLanguage":"fr-CA","@id":"https:\/\/iatse.net\/#\/schema\/logo\/image\/","url":"https:\/\/iatse.net\/wp-content\/uploads\/2021\/03\/IATSE_Logo_White.png","contentUrl":"https:\/\/iatse.net\/wp-content\/uploads\/2021\/03\/IATSE_Logo_White.png","width":2100,"height":1987,"caption":"IATSE"},"image":{"@id":"https:\/\/iatse.net\/#\/schema\/logo\/image\/"}},{"@type":"Person","@id":"https:\/\/iatse.net\/#\/schema\/person\/0f70e66471ace00026b129e85eb44df0","name":"ºìÌÒÊÓÆµCommunications","image":{"@type":"ImageObject","inLanguage":"fr-CA","@id":"https:\/\/iatse.net\/#\/schema\/person\/image\/","url":"https:\/\/secure.gravatar.com\/avatar\/35aecdeea9e9584c91ca1675b0997004?s=96&d=mm&r=g","contentUrl":"https:\/\/secure.gravatar.com\/avatar\/35aecdeea9e9584c91ca1675b0997004?s=96&d=mm&r=g","caption":"ºìÌÒÊÓÆµCommunications"},"sameAs":["https:\/\/iatse.net"],"url":"https:\/\/iatse.net\/fr\/author\/communications\/"}]}},"acf":[],"_links":{"self":[{"href":"https:\/\/iatse.net\/fr\/wp-json\/wp\/v2\/posts\/1923"}],"collection":[{"href":"https:\/\/iatse.net\/fr\/wp-json\/wp\/v2\/posts"}],"about":[{"href":"https:\/\/iatse.net\/fr\/wp-json\/wp\/v2\/types\/post"}],"author":[{"embeddable":true,"href":"https:\/\/iatse.net\/fr\/wp-json\/wp\/v2\/users\/1"}],"replies":[{"embeddable":true,"href":"https:\/\/iatse.net\/fr\/wp-json\/wp\/v2\/comments?post=1923"}],"version-history":[{"count":0,"href":"https:\/\/iatse.net\/fr\/wp-json\/wp\/v2\/posts\/1923\/revisions"}],"wp:featuredmedia":[{"embeddable":true,"href":"https:\/\/iatse.net\/fr\/wp-json\/wp\/v2\/media\/1734"}],"wp:attachment":[{"href":"https:\/\/iatse.net\/fr\/wp-json\/wp\/v2\/media?parent=1923"}],"wp:term":[{"taxonomy":"category","embeddable":true,"href":"https:\/\/iatse.net\/fr\/wp-json\/wp\/v2\/categories?post=1923"},{"taxonomy":"post_tag","embeddable":true,"href":"https:\/\/iatse.net\/fr\/wp-json\/wp\/v2\/tags?post=1923"}],"curies":[{"name":"wp","href":"https:\/\/api.w.org\/{rel}","templated":true}]}}