  {"id":2004,"date":"2002-08-08T00:00:00","date_gmt":"2002-08-08T00:00:00","guid":{"rendered":"https:\/\/iatse.net\/2002\/08\/08\/proscia-chosen-to-head-motion-picture-and-television-commission\/"},"modified":"2021-06-14T15:24:02","modified_gmt":"2021-06-14T15:24:02","slug":"proscia-chosen-to-head-motion-picture-and-television-commission","status":"publish","type":"post","link":"https:\/\/iatse.net\/fr\/proscia-chosen-to-head-motion-picture-and-television-commission\/","title":{"rendered":"Proscia est choisi pour diriger la Commission du cin\u00e9ma et de la t\u00e9l\u00e9vision"},"content":{"rendered":"<p>Michael W. Proscia, de North Bergen, a \u00e9t\u00e9 nomm\u00e9 par le gouverneur James E. McGreevy au poste de pr\u00e9sident de la commission du cin\u00e9ma et de la t\u00e9l\u00e9vision du New Jersey.<\/p>\n<p>M. Proscia, v\u00e9t\u00e9ran de l'industrie du cin\u00e9ma et de la t\u00e9l\u00e9vision, est affili\u00e9 \u00e0 l'International Alliance of Theatrical Stage Employes depuis plus de 45 ans. Il a pr\u00e9c\u00e9demment occup\u00e9 le poste de secr\u00e9taire-tr\u00e9sorier g\u00e9n\u00e9ral de l'Internationale, ainsi que celui de pr\u00e9sident du conseil de la c\u00f4te Est et de pr\u00e9sident et repr\u00e9sentant commercial de la section 52. Il est actuellement assistant du pr\u00e9sident de l'IATSE.<\/p>\n<p>Membre de la Commission du cin\u00e9ma et de la t\u00e9l\u00e9vision depuis 1980, Mme Proscia succ\u00e8de \u00e0 Gloria Monty (qui \u00e9tait pr\u00e9sidente depuis 1997), \u00e0 l'actrice Celeste Holm, au sc\u00e9nariste et auteur JP Miller et au dramaturge Sidney Kingsley.<\/p>\n<p>La Commission, qui existe depuis 1978, a pour mission de promouvoir la production cin\u00e9matographique et t\u00e9l\u00e9visuelle dans tout le New Jersey.<\/p>\n<p>L'ann\u00e9e derni\u00e8re, l'agence a attir\u00e9 un nombre record de 692 projets dans l'\u00c9tat, g\u00e9n\u00e9rant $63 millions pour l'\u00e9conomie locale.<\/p>\n<p>Pour plus d'informations, contactez la Motion Picture and Television Commission du New Jersey (973-648-6279).<\/p>","protected":false},"excerpt":{"rendered":"<p>Michael W. Proscia, de North Bergen, a \u00e9t\u00e9 nomm\u00e9 par le gouverneur James E. McGreevy au poste de pr\u00e9sident de la commission du cin\u00e9ma et de la t\u00e9l\u00e9vision du New Jersey. Proscia, un v\u00e9t\u00e9ran de [...]<\/p>","protected":false},"author":1,"featured_media":0,"comment_status":"open","ping_status":"open","sticky":false,"template":"","format":"standard","meta":{"_acf_changed":false,"_monsterinsights_skip_tracking":false,"_monsterinsights_sitenote_active":false,"_monsterinsights_sitenote_note":"","_monsterinsights_sitenote_category":0,"footnotes":""},"categories":[8],"tags":[20],"yoast_head":"<!-- This site is optimized with the Yoast SEO plugin v23.5 - https:\/\/yoast.com\/wordpress\/plugins\/seo\/ -->\n<title>Proscia Chosen to Head Motion Picture and Television Commission - IATSE<\/title>\n<meta name=\"robots\" content=\"index, follow, max-snippet:-1, max-image-preview:large, max-video-preview:-1\" \/>\n<link rel=\"canonical\" href=\"https:\/\/iatse.net\/fr\/proscia-chosen-to-head-motion-picture-and-television-commission\/\" \/>\n<meta property=\"og:locale\" content=\"fr_CA\" \/>\n<meta property=\"og:type\" content=\"article\" \/>\n<meta property=\"og:title\" content=\"Proscia Chosen to Head Motion Picture and Television Commission - IATSE\" \/>\n<meta property=\"og:description\" content=\"Michael W. Proscia of North Bergen has been appointed by Governor James E. McGreevy to become Chairman of the New Jersey Motion Picture and Television Commission. Proscia, a veteran of [&hellip;]\" \/>\n<meta property=\"og:url\" content=\"https:\/\/iatse.net\/fr\/proscia-chosen-to-head-motion-picture-and-television-commission\/\" \/>\n<meta property=\"og:site_name\" content=\"IATSE\" \/>\n<meta property=\"article:published_time\" content=\"2002-08-08T00:00:00+00:00\" \/>\n<meta property=\"article:modified_time\" content=\"2021-06-14T15:24:02+00:00\" \/>\n<meta name=\"author\" content=\"ºìÌÒÊÓÆµCommunications\" \/>\n<meta name=\"twitter:card\" content=\"summary_large_image\" \/>\n<meta name=\"twitter:label1\" content=\"\u00c9crit par\" \/>\n\t<meta name=\"twitter:data1\" content=\"ºìÌÒÊÓÆµCommunications\" \/>\n\t<meta name=\"twitter:label2\" content=\"Estimation du temps de lecture\" \/>\n\t<meta name=\"twitter:data2\" content=\"1 minute\" \/>\n<script type=\"application\/ld+json\" class=\"yoast-schema-graph\">{\"@context\":\"https:\/\/schema.org\",\"@graph\":[{\"@type\":\"Article\",\"@id\":\"https:\/\/iatse.net\/proscia-chosen-to-head-motion-picture-and-television-commission\/#article\",\"isPartOf\":{\"@id\":\"https:\/\/iatse.net\/proscia-chosen-to-head-motion-picture-and-television-commission\/\"},\"author\":{\"name\":\"ºìÌÒÊÓÆµCommunications\",\"@id\":\"https:\/\/iatse.net\/#\/schema\/person\/0f70e66471ace00026b129e85eb44df0\"},\"headline\":\"Proscia Chosen to Head Motion Picture and Television Commission\",\"datePublished\":\"2002-08-08T00:00:00+00:00\",\"dateModified\":\"2021-06-14T15:24:02+00:00\",\"mainEntityOfPage\":{\"@id\":\"https:\/\/iatse.net\/proscia-chosen-to-head-motion-picture-and-television-commission\/\"},\"wordCount\":172,\"commentCount\":0,\"publisher\":{\"@id\":\"https:\/\/iatse.net\/#organization\"},\"keywords\":[\"Motion Picture and Television\"],\"articleSection\":[\"News\"],\"inLanguage\":\"fr-CA\"},{\"@type\":\"WebPage\",\"@id\":\"https:\/\/iatse.net\/proscia-chosen-to-head-motion-picture-and-television-commission\/\",\"url\":\"https:\/\/iatse.net\/proscia-chosen-to-head-motion-picture-and-television-commission\/\",\"name\":\"Proscia Chosen to Head Motion Picture and Television Commission - IATSE\",\"isPartOf\":{\"@id\":\"https:\/\/iatse.net\/#website\"},\"datePublished\":\"2002-08-08T00:00:00+00:00\",\"dateModified\":\"2021-06-14T15:24:02+00:00\",\"breadcrumb\":{\"@id\":\"https:\/\/iatse.net\/proscia-chosen-to-head-motion-picture-and-television-commission\/#breadcrumb\"},\"inLanguage\":\"fr-CA\",\"potentialAction\":[{\"@type\":\"ReadAction\",\"target\":[\"https:\/\/iatse.net\/proscia-chosen-to-head-motion-picture-and-television-commission\/\"]}]},{\"@type\":\"BreadcrumbList\",\"@id\":\"https:\/\/iatse.net\/proscia-chosen-to-head-motion-picture-and-television-commission\/#breadcrumb\",\"itemListElement\":[{\"@type\":\"ListItem\",\"position\":1,\"name\":\"Home\",\"item\":\"https:\/\/iatse.net\/\"},{\"@type\":\"ListItem\",\"position\":2,\"name\":\"Proscia Chosen to Head Motion Picture and Television Commission\"}]},{\"@type\":\"WebSite\",\"@id\":\"https:\/\/iatse.net\/#website\",\"url\":\"https:\/\/iatse.net\/\",\"name\":\"IATSE\",\"description\":\"The Union Behind Entertainment\",\"publisher\":{\"@id\":\"https:\/\/iatse.net\/#organization\"},\"potentialAction\":[{\"@type\":\"SearchAction\",\"target\":{\"@type\":\"EntryPoint\",\"urlTemplate\":\"https:\/\/iatse.net\/?s={search_term_string}\"},\"query-input\":{\"@type\":\"PropertyValueSpecification\",\"valueRequired\":true,\"valueName\":\"search_term_string\"}}],\"inLanguage\":\"fr-CA\"},{\"@type\":\"Organization\",\"@id\":\"https:\/\/iatse.net\/#organization\",\"name\":\"IATSE\",\"url\":\"https:\/\/iatse.net\/\",\"logo\":{\"@type\":\"ImageObject\",\"inLanguage\":\"fr-CA\",\"@id\":\"https:\/\/iatse.net\/#\/schema\/logo\/image\/\",\"url\":\"https:\/\/iatse.net\/wp-content\/uploads\/2021\/03\/IATSE_Logo_White.png\",\"contentUrl\":\"https:\/\/iatse.net\/wp-content\/uploads\/2021\/03\/IATSE_Logo_White.png\",\"width\":2100,\"height\":1987,\"caption\":\"IATSE\"},\"image\":{\"@id\":\"https:\/\/iatse.net\/#\/schema\/logo\/image\/\"}},{\"@type\":\"Person\",\"@id\":\"https:\/\/iatse.net\/#\/schema\/person\/0f70e66471ace00026b129e85eb44df0\",\"name\":\"ºìÌÒÊÓÆµCommunications\",\"image\":{\"@type\":\"ImageObject\",\"inLanguage\":\"fr-CA\",\"@id\":\"https:\/\/iatse.net\/#\/schema\/person\/image\/\",\"url\":\"https:\/\/secure.gravatar.com\/avatar\/35aecdeea9e9584c91ca1675b0997004?s=96&d=mm&r=g\",\"contentUrl\":\"https:\/\/secure.gravatar.com\/avatar\/35aecdeea9e9584c91ca1675b0997004?s=96&d=mm&r=g\",\"caption\":\"ºìÌÒÊÓÆµCommunications\"},\"sameAs\":[\"https:\/\/iatse.net\"],\"url\":\"https:\/\/iatse.net\/fr\/author\/communications\/\"}]}<\/script>\n<!-- \/ Yoast SEO plugin. -->","yoast_head_json":{"title":"Proscia Chosen to Head Motion Picture and Television Commission - IATSE","robots":{"index":"index","follow":"follow","max-snippet":"max-snippet:-1","max-image-preview":"max-image-preview:large","max-video-preview":"max-video-preview:-1"},"canonical":"https:\/\/iatse.net\/fr\/proscia-chosen-to-head-motion-picture-and-television-commission\/","og_locale":"fr_CA","og_type":"article","og_title":"Proscia Chosen to Head Motion Picture and Television Commission - IATSE","og_description":"Michael W. Proscia of North Bergen has been appointed by Governor James E. McGreevy to become Chairman of the New Jersey Motion Picture and Television Commission. Proscia, a veteran of [&hellip;]","og_url":"https:\/\/iatse.net\/fr\/proscia-chosen-to-head-motion-picture-and-television-commission\/","og_site_name":"IATSE","article_published_time":"2002-08-08T00:00:00+00:00","article_modified_time":"2021-06-14T15:24:02+00:00","author":"ºìÌÒÊÓÆµCommunications","twitter_card":"summary_large_image","twitter_misc":{"\u00c9crit par":"ºìÌÒÊÓÆµCommunications","Estimation du temps de lecture":"1 minute"},"schema":{"@context":"https:\/\/schema.org","@graph":[{"@type":"Article","@id":"https:\/\/iatse.net\/proscia-chosen-to-head-motion-picture-and-television-commission\/#article","isPartOf":{"@id":"https:\/\/iatse.net\/proscia-chosen-to-head-motion-picture-and-television-commission\/"},"author":{"name":"ºìÌÒÊÓÆµCommunications","@id":"https:\/\/iatse.net\/#\/schema\/person\/0f70e66471ace00026b129e85eb44df0"},"headline":"Proscia Chosen to Head Motion Picture and Television Commission","datePublished":"2002-08-08T00:00:00+00:00","dateModified":"2021-06-14T15:24:02+00:00","mainEntityOfPage":{"@id":"https:\/\/iatse.net\/proscia-chosen-to-head-motion-picture-and-television-commission\/"},"wordCount":172,"commentCount":0,"publisher":{"@id":"https:\/\/iatse.net\/#organization"},"keywords":["Motion Picture and Television"],"articleSection":["News"],"inLanguage":"fr-CA"},{"@type":"WebPage","@id":"https:\/\/iatse.net\/proscia-chosen-to-head-motion-picture-and-television-commission\/","url":"https:\/\/iatse.net\/proscia-chosen-to-head-motion-picture-and-television-commission\/","name":"Proscia Chosen to Head Motion Picture and Television Commission - IATSE","isPartOf":{"@id":"https:\/\/iatse.net\/#website"},"datePublished":"2002-08-08T00:00:00+00:00","dateModified":"2021-06-14T15:24:02+00:00","breadcrumb":{"@id":"https:\/\/iatse.net\/proscia-chosen-to-head-motion-picture-and-television-commission\/#breadcrumb"},"inLanguage":"fr-CA","potentialAction":[{"@type":"ReadAction","target":["https:\/\/iatse.net\/proscia-chosen-to-head-motion-picture-and-television-commission\/"]}]},{"@type":"BreadcrumbList","@id":"https:\/\/iatse.net\/proscia-chosen-to-head-motion-picture-and-television-commission\/#breadcrumb","itemListElement":[{"@type":"ListItem","position":1,"name":"Home","item":"https:\/\/iatse.net\/"},{"@type":"ListItem","position":2,"name":"Proscia Chosen to Head Motion Picture and Television Commission"}]},{"@type":"WebSite","@id":"https:\/\/iatse.net\/#website","url":"https:\/\/iatse.net\/","name":"IATSE","description":"The Union Behind Entertainment","publisher":{"@id":"https:\/\/iatse.net\/#organization"},"potentialAction":[{"@type":"SearchAction","target":{"@type":"EntryPoint","urlTemplate":"https:\/\/iatse.net\/?s={search_term_string}"},"query-input":{"@type":"PropertyValueSpecification","valueRequired":true,"valueName":"search_term_string"}}],"inLanguage":"fr-CA"},{"@type":"Organization","@id":"https:\/\/iatse.net\/#organization","name":"IATSE","url":"https:\/\/iatse.net\/","logo":{"@type":"ImageObject","inLanguage":"fr-CA","@id":"https:\/\/iatse.net\/#\/schema\/logo\/image\/","url":"https:\/\/iatse.net\/wp-content\/uploads\/2021\/03\/IATSE_Logo_White.png","contentUrl":"https:\/\/iatse.net\/wp-content\/uploads\/2021\/03\/IATSE_Logo_White.png","width":2100,"height":1987,"caption":"IATSE"},"image":{"@id":"https:\/\/iatse.net\/#\/schema\/logo\/image\/"}},{"@type":"Person","@id":"https:\/\/iatse.net\/#\/schema\/person\/0f70e66471ace00026b129e85eb44df0","name":"ºìÌÒÊÓÆµCommunications","image":{"@type":"ImageObject","inLanguage":"fr-CA","@id":"https:\/\/iatse.net\/#\/schema\/person\/image\/","url":"https:\/\/secure.gravatar.com\/avatar\/35aecdeea9e9584c91ca1675b0997004?s=96&d=mm&r=g","contentUrl":"https:\/\/secure.gravatar.com\/avatar\/35aecdeea9e9584c91ca1675b0997004?s=96&d=mm&r=g","caption":"ºìÌÒÊÓÆµCommunications"},"sameAs":["https:\/\/iatse.net"],"url":"https:\/\/iatse.net\/fr\/author\/communications\/"}]}},"acf":[],"_links":{"self":[{"href":"https:\/\/iatse.net\/fr\/wp-json\/wp\/v2\/posts\/2004"}],"collection":[{"href":"https:\/\/iatse.net\/fr\/wp-json\/wp\/v2\/posts"}],"about":[{"href":"https:\/\/iatse.net\/fr\/wp-json\/wp\/v2\/types\/post"}],"author":[{"embeddable":true,"href":"https:\/\/iatse.net\/fr\/wp-json\/wp\/v2\/users\/1"}],"replies":[{"embeddable":true,"href":"https:\/\/iatse.net\/fr\/wp-json\/wp\/v2\/comments?post=2004"}],"version-history":[{"count":1,"href":"https:\/\/iatse.net\/fr\/wp-json\/wp\/v2\/posts\/2004\/revisions"}],"predecessor-version":[{"id":2748,"href":"https:\/\/iatse.net\/fr\/wp-json\/wp\/v2\/posts\/2004\/revisions\/2748"}],"wp:attachment":[{"href":"https:\/\/iatse.net\/fr\/wp-json\/wp\/v2\/media?parent=2004"}],"wp:term":[{"taxonomy":"category","embeddable":true,"href":"https:\/\/iatse.net\/fr\/wp-json\/wp\/v2\/categories?post=2004"},{"taxonomy":"post_tag","embeddable":true,"href":"https:\/\/iatse.net\/fr\/wp-json\/wp\/v2\/tags?post=2004"}],"curies":[{"name":"wp","href":"https:\/\/api.w.org\/{rel}","templated":true}]}}