  {"id":2030,"date":"2001-08-29T00:00:00","date_gmt":"2001-08-29T00:00:00","guid":{"rendered":"https:\/\/iatse.net\/2001\/08\/29\/in-memoriam-james-j-riley-general-secretary-treasurer-emeritus-iatse-1919-2001\/"},"modified":"2001-08-29T00:00:00","modified_gmt":"2001-08-29T00:00:00","slug":"in-memoriam-james-j-riley-general-secretary-treasurer-emeritus-iatse-1919-2001","status":"publish","type":"post","link":"https:\/\/iatse.net\/fr\/in-memoriam-james-j-riley-general-secretary-treasurer-emeritus-iatse-1919-2001\/","title":{"rendered":"In Memoriam - James J. Riley Secr\u00e9taire g\u00e9n\u00e9ral-tr\u00e9sorier \u00e9m\u00e9rite ºìÌÒÊÓÆµ1919-2001"},"content":{"rendered":"<p>Le secr\u00e9taire-tr\u00e9sorier g\u00e9n\u00e9ral \u00e9m\u00e9rite James J. Riley est d\u00e9c\u00e9d\u00e9 le 23 ao\u00fbt 2001 apr\u00e8s une longue maladie. Il avait 81 ans.<br \/>\nJames J. Riley, n\u00e9 et \u00e9lev\u00e9 \u00e0 Cleveland, dans l'Ohio, dipl\u00f4m\u00e9 de la Western Reserve University avec une licence en sciences, a ensuite servi comme lieutenant de la r\u00e9serve navale des \u00c9tats-Unis sur le th\u00e9\u00e2tre d'op\u00e9rations du Pacifique pendant la Seconde Guerre mondiale.<\/p>\n<p>Il est devenu projectionniste \u00e0 Cleveland et membre du Cleveland Moving Picture Machine Operators Local No.160, IATSE, en 1940, au sein duquel il a ensuite \u00e9t\u00e9 \u00e9lu au poste d'agent commercial en 1966. En 1969, il a \u00e9t\u00e9 \u00e9lu administrateur international, poste qu'il a occup\u00e9 jusqu'en 1978, date \u00e0 laquelle il a \u00e9t\u00e9 \u00e9lu secr\u00e9taire-tr\u00e9sorier g\u00e9n\u00e9ral par la 54e convention biennale de l'IATSE.<\/p>\n<p>Le secr\u00e9taire-tr\u00e9sorier g\u00e9n\u00e9ral \u00e9m\u00e9rite Riley a \u00e9galement occup\u00e9 le poste de vice-pr\u00e9sident du d\u00e9partement des m\u00e9tiers de l'\u00e9tiquette et des services de l'AFL-CIO, poste auquel il a \u00e9t\u00e9 \u00e9lu en 1969.<\/p>\n<p>Il laisse dans le deuil ses filles Janet, Nancy, Catherine, Ruth et Mary ; ses fils James, Thomas, Dennis et John ; 33 petits-enfants ; 23 arri\u00e8re-petits-enfants ; et un fr\u00e8re. Il a \u00e9t\u00e9 pr\u00e9c\u00e9d\u00e9 dans la mort par son \u00e9pouse de 60 ans, Ruth, en 1999.<br \/>\nL'ºìÌÒÊÓÆµest profond\u00e9ment attrist\u00e9e par la perte du fr\u00e8re Riley. Nous offrons nos pri\u00e8res et nos condol\u00e9ances \u00e0 la famille Riley. Il manquera \u00e0 tous.<\/p>\n<p>La famille Riley a demand\u00e9 que les dons soient vers\u00e9s \u00e0 la National Epilepsy Foundation (www.efsepa.org) ou \u00e0 la Muscular Dystrophy Association (www.mdausa.org) en m\u00e9moire de James J. Riley. Pour savoir comment faire un don, veuillez contacter les sites Web indiqu\u00e9s ci-dessus.<\/p>","protected":false},"excerpt":{"rendered":"<p>Le secr\u00e9taire-tr\u00e9sorier g\u00e9n\u00e9ral \u00e9m\u00e9rite James J. Riley est d\u00e9c\u00e9d\u00e9 le 23 ao\u00fbt 2001 apr\u00e8s une longue maladie. Il avait 81 ans. James J. Riley, n\u00e9 et \u00e9lev\u00e9 \u00e0 Cleveland, Ohio, dipl\u00f4m\u00e9 de [...]<\/p>","protected":false},"author":1,"featured_media":1734,"comment_status":"open","ping_status":"open","sticky":false,"template":"","format":"standard","meta":{"_acf_changed":false,"_monsterinsights_skip_tracking":false,"_monsterinsights_sitenote_active":false,"_monsterinsights_sitenote_note":"","_monsterinsights_sitenote_category":0,"footnotes":""},"categories":[8],"tags":[],"yoast_head":"<!-- This site is optimized with the Yoast SEO plugin v23.5 - https:\/\/yoast.com\/wordpress\/plugins\/seo\/ -->\n<title>In Memoriam - James J. Riley General Secretary-Treasurer Emeritus ºìÌÒÊÓÆµ1919-2001 - IATSE<\/title>\n<meta name=\"robots\" content=\"index, follow, max-snippet:-1, max-image-preview:large, max-video-preview:-1\" \/>\n<link rel=\"canonical\" href=\"https:\/\/iatse.net\/fr\/in-memoriam-james-j-riley-general-secretary-treasurer-emeritus-iatse-1919-2001\/\" \/>\n<meta property=\"og:locale\" content=\"fr_CA\" \/>\n<meta property=\"og:type\" content=\"article\" \/>\n<meta property=\"og:title\" content=\"In Memoriam - James J. Riley General Secretary-Treasurer Emeritus ºìÌÒÊÓÆµ1919-2001 - IATSE\" \/>\n<meta property=\"og:description\" content=\"General Secretary-Treasurer Emeritus James J. Riley passed away August 23, 2001 after a long-term illness. He was 81. James J. Riley, born and raised in Cleveland, Ohio, a graduate of [&hellip;]\" \/>\n<meta property=\"og:url\" content=\"https:\/\/iatse.net\/fr\/in-memoriam-james-j-riley-general-secretary-treasurer-emeritus-iatse-1919-2001\/\" \/>\n<meta property=\"og:site_name\" content=\"IATSE\" \/>\n<meta property=\"article:published_time\" content=\"2001-08-29T00:00:00+00:00\" \/>\n<meta property=\"og:image\" content=\"https:\/\/iatse.net\/wp-content\/uploads\/2021\/06\/Untitled-design-1.jpg\" \/>\n\t<meta property=\"og:image:width\" content=\"1920\" \/>\n\t<meta property=\"og:image:height\" content=\"1080\" \/>\n\t<meta property=\"og:image:type\" content=\"image\/jpeg\" \/>\n<meta name=\"author\" content=\"ºìÌÒÊÓÆµCommunications\" \/>\n<meta name=\"twitter:card\" content=\"summary_large_image\" \/>\n<meta name=\"twitter:label1\" content=\"\u00c9crit par\" \/>\n\t<meta name=\"twitter:data1\" content=\"ºìÌÒÊÓÆµCommunications\" \/>\n\t<meta name=\"twitter:label2\" content=\"Estimation du temps de lecture\" \/>\n\t<meta name=\"twitter:data2\" content=\"1 minute\" \/>\n<script type=\"application\/ld+json\" class=\"yoast-schema-graph\">{\"@context\":\"https:\/\/schema.org\",\"@graph\":[{\"@type\":\"Article\",\"@id\":\"https:\/\/iatse.net\/in-memoriam-james-j-riley-general-secretary-treasurer-emeritus-iatse-1919-2001\/#article\",\"isPartOf\":{\"@id\":\"https:\/\/iatse.net\/in-memoriam-james-j-riley-general-secretary-treasurer-emeritus-iatse-1919-2001\/\"},\"author\":{\"name\":\"ºìÌÒÊÓÆµCommunications\",\"@id\":\"https:\/\/iatse.net\/#\/schema\/person\/0f70e66471ace00026b129e85eb44df0\"},\"headline\":\"In Memoriam &#8211; James J. Riley General Secretary-Treasurer Emeritus ºìÌÒÊÓÆµ1919-2001\",\"datePublished\":\"2001-08-29T00:00:00+00:00\",\"dateModified\":\"2001-08-29T00:00:00+00:00\",\"mainEntityOfPage\":{\"@id\":\"https:\/\/iatse.net\/in-memoriam-james-j-riley-general-secretary-treasurer-emeritus-iatse-1919-2001\/\"},\"wordCount\":260,\"commentCount\":0,\"publisher\":{\"@id\":\"https:\/\/iatse.net\/#organization\"},\"image\":{\"@id\":\"https:\/\/iatse.net\/in-memoriam-james-j-riley-general-secretary-treasurer-emeritus-iatse-1919-2001\/#primaryimage\"},\"thumbnailUrl\":\"https:\/\/iatse.net\/wp-content\/uploads\/2021\/06\/Untitled-design-1.jpg\",\"articleSection\":[\"News\"],\"inLanguage\":\"fr-CA\"},{\"@type\":\"WebPage\",\"@id\":\"https:\/\/iatse.net\/in-memoriam-james-j-riley-general-secretary-treasurer-emeritus-iatse-1919-2001\/\",\"url\":\"https:\/\/iatse.net\/in-memoriam-james-j-riley-general-secretary-treasurer-emeritus-iatse-1919-2001\/\",\"name\":\"In Memoriam - James J. Riley General Secretary-Treasurer Emeritus ºìÌÒÊÓÆµ1919-2001 - IATSE\",\"isPartOf\":{\"@id\":\"https:\/\/iatse.net\/#website\"},\"primaryImageOfPage\":{\"@id\":\"https:\/\/iatse.net\/in-memoriam-james-j-riley-general-secretary-treasurer-emeritus-iatse-1919-2001\/#primaryimage\"},\"image\":{\"@id\":\"https:\/\/iatse.net\/in-memoriam-james-j-riley-general-secretary-treasurer-emeritus-iatse-1919-2001\/#primaryimage\"},\"thumbnailUrl\":\"https:\/\/iatse.net\/wp-content\/uploads\/2021\/06\/Untitled-design-1.jpg\",\"datePublished\":\"2001-08-29T00:00:00+00:00\",\"dateModified\":\"2001-08-29T00:00:00+00:00\",\"breadcrumb\":{\"@id\":\"https:\/\/iatse.net\/in-memoriam-james-j-riley-general-secretary-treasurer-emeritus-iatse-1919-2001\/#breadcrumb\"},\"inLanguage\":\"fr-CA\",\"potentialAction\":[{\"@type\":\"ReadAction\",\"target\":[\"https:\/\/iatse.net\/in-memoriam-james-j-riley-general-secretary-treasurer-emeritus-iatse-1919-2001\/\"]}]},{\"@type\":\"ImageObject\",\"inLanguage\":\"fr-CA\",\"@id\":\"https:\/\/iatse.net\/in-memoriam-james-j-riley-general-secretary-treasurer-emeritus-iatse-1919-2001\/#primaryimage\",\"url\":\"https:\/\/iatse.net\/wp-content\/uploads\/2021\/06\/Untitled-design-1.jpg\",\"contentUrl\":\"https:\/\/iatse.net\/wp-content\/uploads\/2021\/06\/Untitled-design-1.jpg\",\"width\":1920,\"height\":1080,\"caption\":\"Jewish Labor Committee Honors Loeb\"},{\"@type\":\"BreadcrumbList\",\"@id\":\"https:\/\/iatse.net\/in-memoriam-james-j-riley-general-secretary-treasurer-emeritus-iatse-1919-2001\/#breadcrumb\",\"itemListElement\":[{\"@type\":\"ListItem\",\"position\":1,\"name\":\"Home\",\"item\":\"https:\/\/iatse.net\/\"},{\"@type\":\"ListItem\",\"position\":2,\"name\":\"In Memoriam &#8211; James J. Riley General Secretary-Treasurer Emeritus ºìÌÒÊÓÆµ1919-2001\"}]},{\"@type\":\"WebSite\",\"@id\":\"https:\/\/iatse.net\/#website\",\"url\":\"https:\/\/iatse.net\/\",\"name\":\"IATSE\",\"description\":\"The Union Behind Entertainment\",\"publisher\":{\"@id\":\"https:\/\/iatse.net\/#organization\"},\"potentialAction\":[{\"@type\":\"SearchAction\",\"target\":{\"@type\":\"EntryPoint\",\"urlTemplate\":\"https:\/\/iatse.net\/?s={search_term_string}\"},\"query-input\":{\"@type\":\"PropertyValueSpecification\",\"valueRequired\":true,\"valueName\":\"search_term_string\"}}],\"inLanguage\":\"fr-CA\"},{\"@type\":\"Organization\",\"@id\":\"https:\/\/iatse.net\/#organization\",\"name\":\"IATSE\",\"url\":\"https:\/\/iatse.net\/\",\"logo\":{\"@type\":\"ImageObject\",\"inLanguage\":\"fr-CA\",\"@id\":\"https:\/\/iatse.net\/#\/schema\/logo\/image\/\",\"url\":\"https:\/\/iatse.net\/wp-content\/uploads\/2021\/03\/IATSE_Logo_White.png\",\"contentUrl\":\"https:\/\/iatse.net\/wp-content\/uploads\/2021\/03\/IATSE_Logo_White.png\",\"width\":2100,\"height\":1987,\"caption\":\"IATSE\"},\"image\":{\"@id\":\"https:\/\/iatse.net\/#\/schema\/logo\/image\/\"}},{\"@type\":\"Person\",\"@id\":\"https:\/\/iatse.net\/#\/schema\/person\/0f70e66471ace00026b129e85eb44df0\",\"name\":\"ºìÌÒÊÓÆµCommunications\",\"image\":{\"@type\":\"ImageObject\",\"inLanguage\":\"fr-CA\",\"@id\":\"https:\/\/iatse.net\/#\/schema\/person\/image\/\",\"url\":\"https:\/\/secure.gravatar.com\/avatar\/35aecdeea9e9584c91ca1675b0997004?s=96&d=mm&r=g\",\"contentUrl\":\"https:\/\/secure.gravatar.com\/avatar\/35aecdeea9e9584c91ca1675b0997004?s=96&d=mm&r=g\",\"caption\":\"ºìÌÒÊÓÆµCommunications\"},\"sameAs\":[\"https:\/\/iatse.net\"],\"url\":\"https:\/\/iatse.net\/fr\/author\/communications\/\"}]}<\/script>\n<!-- \/ Yoast SEO plugin. -->","yoast_head_json":{"title":"In Memoriam - James J. Riley General Secretary-Treasurer Emeritus ºìÌÒÊÓÆµ1919-2001 - IATSE","robots":{"index":"index","follow":"follow","max-snippet":"max-snippet:-1","max-image-preview":"max-image-preview:large","max-video-preview":"max-video-preview:-1"},"canonical":"https:\/\/iatse.net\/fr\/in-memoriam-james-j-riley-general-secretary-treasurer-emeritus-iatse-1919-2001\/","og_locale":"fr_CA","og_type":"article","og_title":"In Memoriam - James J. Riley General Secretary-Treasurer Emeritus ºìÌÒÊÓÆµ1919-2001 - IATSE","og_description":"General Secretary-Treasurer Emeritus James J. Riley passed away August 23, 2001 after a long-term illness. He was 81. James J. Riley, born and raised in Cleveland, Ohio, a graduate of [&hellip;]","og_url":"https:\/\/iatse.net\/fr\/in-memoriam-james-j-riley-general-secretary-treasurer-emeritus-iatse-1919-2001\/","og_site_name":"IATSE","article_published_time":"2001-08-29T00:00:00+00:00","og_image":[{"width":1920,"height":1080,"url":"https:\/\/iatse.net\/wp-content\/uploads\/2021\/06\/Untitled-design-1.jpg","type":"image\/jpeg"}],"author":"ºìÌÒÊÓÆµCommunications","twitter_card":"summary_large_image","twitter_misc":{"\u00c9crit par":"ºìÌÒÊÓÆµCommunications","Estimation du temps de lecture":"1 minute"},"schema":{"@context":"https:\/\/schema.org","@graph":[{"@type":"Article","@id":"https:\/\/iatse.net\/in-memoriam-james-j-riley-general-secretary-treasurer-emeritus-iatse-1919-2001\/#article","isPartOf":{"@id":"https:\/\/iatse.net\/in-memoriam-james-j-riley-general-secretary-treasurer-emeritus-iatse-1919-2001\/"},"author":{"name":"ºìÌÒÊÓÆµCommunications","@id":"https:\/\/iatse.net\/#\/schema\/person\/0f70e66471ace00026b129e85eb44df0"},"headline":"In Memoriam &#8211; James J. Riley General Secretary-Treasurer Emeritus ºìÌÒÊÓÆµ1919-2001","datePublished":"2001-08-29T00:00:00+00:00","dateModified":"2001-08-29T00:00:00+00:00","mainEntityOfPage":{"@id":"https:\/\/iatse.net\/in-memoriam-james-j-riley-general-secretary-treasurer-emeritus-iatse-1919-2001\/"},"wordCount":260,"commentCount":0,"publisher":{"@id":"https:\/\/iatse.net\/#organization"},"image":{"@id":"https:\/\/iatse.net\/in-memoriam-james-j-riley-general-secretary-treasurer-emeritus-iatse-1919-2001\/#primaryimage"},"thumbnailUrl":"https:\/\/iatse.net\/wp-content\/uploads\/2021\/06\/Untitled-design-1.jpg","articleSection":["News"],"inLanguage":"fr-CA"},{"@type":"WebPage","@id":"https:\/\/iatse.net\/in-memoriam-james-j-riley-general-secretary-treasurer-emeritus-iatse-1919-2001\/","url":"https:\/\/iatse.net\/in-memoriam-james-j-riley-general-secretary-treasurer-emeritus-iatse-1919-2001\/","name":"In Memoriam - James J. Riley General Secretary-Treasurer Emeritus ºìÌÒÊÓÆµ1919-2001 - IATSE","isPartOf":{"@id":"https:\/\/iatse.net\/#website"},"primaryImageOfPage":{"@id":"https:\/\/iatse.net\/in-memoriam-james-j-riley-general-secretary-treasurer-emeritus-iatse-1919-2001\/#primaryimage"},"image":{"@id":"https:\/\/iatse.net\/in-memoriam-james-j-riley-general-secretary-treasurer-emeritus-iatse-1919-2001\/#primaryimage"},"thumbnailUrl":"https:\/\/iatse.net\/wp-content\/uploads\/2021\/06\/Untitled-design-1.jpg","datePublished":"2001-08-29T00:00:00+00:00","dateModified":"2001-08-29T00:00:00+00:00","breadcrumb":{"@id":"https:\/\/iatse.net\/in-memoriam-james-j-riley-general-secretary-treasurer-emeritus-iatse-1919-2001\/#breadcrumb"},"inLanguage":"fr-CA","potentialAction":[{"@type":"ReadAction","target":["https:\/\/iatse.net\/in-memoriam-james-j-riley-general-secretary-treasurer-emeritus-iatse-1919-2001\/"]}]},{"@type":"ImageObject","inLanguage":"fr-CA","@id":"https:\/\/iatse.net\/in-memoriam-james-j-riley-general-secretary-treasurer-emeritus-iatse-1919-2001\/#primaryimage","url":"https:\/\/iatse.net\/wp-content\/uploads\/2021\/06\/Untitled-design-1.jpg","contentUrl":"https:\/\/iatse.net\/wp-content\/uploads\/2021\/06\/Untitled-design-1.jpg","width":1920,"height":1080,"caption":"Jewish Labor Committee Honors Loeb"},{"@type":"BreadcrumbList","@id":"https:\/\/iatse.net\/in-memoriam-james-j-riley-general-secretary-treasurer-emeritus-iatse-1919-2001\/#breadcrumb","itemListElement":[{"@type":"ListItem","position":1,"name":"Home","item":"https:\/\/iatse.net\/"},{"@type":"ListItem","position":2,"name":"In Memoriam &#8211; James J. Riley General Secretary-Treasurer Emeritus ºìÌÒÊÓÆµ1919-2001"}]},{"@type":"WebSite","@id":"https:\/\/iatse.net\/#website","url":"https:\/\/iatse.net\/","name":"IATSE","description":"The Union Behind Entertainment","publisher":{"@id":"https:\/\/iatse.net\/#organization"},"potentialAction":[{"@type":"SearchAction","target":{"@type":"EntryPoint","urlTemplate":"https:\/\/iatse.net\/?s={search_term_string}"},"query-input":{"@type":"PropertyValueSpecification","valueRequired":true,"valueName":"search_term_string"}}],"inLanguage":"fr-CA"},{"@type":"Organization","@id":"https:\/\/iatse.net\/#organization","name":"IATSE","url":"https:\/\/iatse.net\/","logo":{"@type":"ImageObject","inLanguage":"fr-CA","@id":"https:\/\/iatse.net\/#\/schema\/logo\/image\/","url":"https:\/\/iatse.net\/wp-content\/uploads\/2021\/03\/IATSE_Logo_White.png","contentUrl":"https:\/\/iatse.net\/wp-content\/uploads\/2021\/03\/IATSE_Logo_White.png","width":2100,"height":1987,"caption":"IATSE"},"image":{"@id":"https:\/\/iatse.net\/#\/schema\/logo\/image\/"}},{"@type":"Person","@id":"https:\/\/iatse.net\/#\/schema\/person\/0f70e66471ace00026b129e85eb44df0","name":"ºìÌÒÊÓÆµCommunications","image":{"@type":"ImageObject","inLanguage":"fr-CA","@id":"https:\/\/iatse.net\/#\/schema\/person\/image\/","url":"https:\/\/secure.gravatar.com\/avatar\/35aecdeea9e9584c91ca1675b0997004?s=96&d=mm&r=g","contentUrl":"https:\/\/secure.gravatar.com\/avatar\/35aecdeea9e9584c91ca1675b0997004?s=96&d=mm&r=g","caption":"ºìÌÒÊÓÆµCommunications"},"sameAs":["https:\/\/iatse.net"],"url":"https:\/\/iatse.net\/fr\/author\/communications\/"}]}},"acf":[],"_links":{"self":[{"href":"https:\/\/iatse.net\/fr\/wp-json\/wp\/v2\/posts\/2030"}],"collection":[{"href":"https:\/\/iatse.net\/fr\/wp-json\/wp\/v2\/posts"}],"about":[{"href":"https:\/\/iatse.net\/fr\/wp-json\/wp\/v2\/types\/post"}],"author":[{"embeddable":true,"href":"https:\/\/iatse.net\/fr\/wp-json\/wp\/v2\/users\/1"}],"replies":[{"embeddable":true,"href":"https:\/\/iatse.net\/fr\/wp-json\/wp\/v2\/comments?post=2030"}],"version-history":[{"count":0,"href":"https:\/\/iatse.net\/fr\/wp-json\/wp\/v2\/posts\/2030\/revisions"}],"wp:featuredmedia":[{"embeddable":true,"href":"https:\/\/iatse.net\/fr\/wp-json\/wp\/v2\/media\/1734"}],"wp:attachment":[{"href":"https:\/\/iatse.net\/fr\/wp-json\/wp\/v2\/media?parent=2030"}],"wp:term":[{"taxonomy":"category","embeddable":true,"href":"https:\/\/iatse.net\/fr\/wp-json\/wp\/v2\/categories?post=2030"},{"taxonomy":"post_tag","embeddable":true,"href":"https:\/\/iatse.net\/fr\/wp-json\/wp\/v2\/tags?post=2030"}],"curies":[{"name":"wp","href":"https:\/\/api.w.org\/{rel}","templated":true}]}}