  {"id":2243,"date":"2018-06-27T00:00:00","date_gmt":"2018-06-27T00:00:00","guid":{"rendered":"https:\/\/iatse.net\/2018\/06\/27\/iatse-president-loeb-statement-on-janus-v-afscme-decision\/"},"modified":"2018-06-27T00:00:00","modified_gmt":"2018-06-27T00:00:00","slug":"iatse-president-loeb-statement-on-janus-v-afscme-decision","status":"publish","type":"post","link":"https:\/\/iatse.net\/fr\/iatse-president-loeb-statement-on-janus-v-afscme-decision\/","title":{"rendered":"D\u00c9CLARATION DU PR\u00c9SIDENT DE L'ºìÌÒÊÓÆµSUR L'ARR\u00caT JANUS V. AFSCME D\u00c9CLARATION DU PR\u00c9SIDENT DE L'ºìÌÒÊÓÆµSUR L'ARR\u00caT JANUS V. AFSCME"},"content":{"rendered":"<p>Le pr\u00e9sident international de l'IATSE, Matthew D. Loeb, a fait la d\u00e9claration suivante concernant la d\u00e9cision rendue aujourd'hui dans l'affaire Janus v. AFSCME :<\/p>\n<p>Cette terrible d\u00e9cision est un signe de notre \u00e9poque et du d\u00e9sordre politique dans lequel nous nous trouvons. Bient\u00f4t, tous les travailleurs, et pas seulement ceux du secteur public, seront confront\u00e9s aux ramifications des actions de la Cour supr\u00eame, sous la forme de droits de n\u00e9gociation r\u00e9duits et de contrats plus faibles.\u00a0<\/p>\n<p>C'est un jour sombre pour l'ensemble du mouvement syndical, mais nous pouvons et nous devons continuer \u00e0 r\u00e9sister \u00e0 cet assaut permanent. Nous devons continuer \u00e0 d\u00e9velopper et \u00e0 renforcer nos syndicats par le biais de la syndicalisation, quelles que soient les lois. Nous n'avions pas besoin de la permission pour lutter contre les barons voleurs de l'\u00e2ge d'or, et nous n'en avons pas besoin pour lutter contre les barons voleurs d'aujourd'hui.<br \/>\n\u00a0<\/p>","protected":false},"excerpt":{"rendered":"<p>Le pr\u00e9sident international de l'IATSE, Matthew D. Loeb, a fait la d\u00e9claration suivante au sujet de la d\u00e9cision rendue aujourd'hui dans l'affaire Janus v. AFSCME : Cette terrible d\u00e9cision est un signe de notre \u00e9poque et du d\u00e9sordre politique [...].<\/p>","protected":false},"author":1,"featured_media":1729,"comment_status":"open","ping_status":"open","sticky":false,"template":"","format":"standard","meta":{"_acf_changed":false,"_monsterinsights_skip_tracking":false,"_monsterinsights_sitenote_active":false,"_monsterinsights_sitenote_note":"","_monsterinsights_sitenote_category":0,"footnotes":""},"categories":[8],"tags":[23],"yoast_head":"<!-- This site is optimized with the Yoast SEO plugin v23.5 - https:\/\/yoast.com\/wordpress\/plugins\/seo\/ -->\n<title>ºìÌÒÊÓÆµPRESIDENT LOEB STATEMENT ON JANUS V. AFSCME DECISION - IATSE<\/title>\n<meta name=\"robots\" content=\"index, follow, max-snippet:-1, max-image-preview:large, max-video-preview:-1\" \/>\n<link rel=\"canonical\" href=\"https:\/\/iatse.net\/fr\/iatse-president-loeb-statement-on-janus-v-afscme-decision\/\" \/>\n<meta property=\"og:locale\" content=\"fr_CA\" \/>\n<meta property=\"og:type\" content=\"article\" \/>\n<meta property=\"og:title\" content=\"ºìÌÒÊÓÆµPRESIDENT LOEB STATEMENT ON JANUS V. AFSCME DECISION - IATSE\" \/>\n<meta property=\"og:description\" content=\"ºìÌÒÊÓÆµInternational President Matthew D. Loeb made the following statement about today&#8217;s decision in Janus v. AFSCME: This terrible decision is a sign of our times and the political mess [&hellip;]\" \/>\n<meta property=\"og:url\" content=\"https:\/\/iatse.net\/fr\/iatse-president-loeb-statement-on-janus-v-afscme-decision\/\" \/>\n<meta property=\"og:site_name\" content=\"IATSE\" \/>\n<meta property=\"article:published_time\" content=\"2018-06-27T00:00:00+00:00\" \/>\n<meta property=\"og:image\" content=\"https:\/\/iatse.net\/wp-content\/uploads\/2021\/06\/2020-09-29-CleDebate-Union-And-Constitution-Forever-1.jpg\" \/>\n\t<meta property=\"og:image:width\" content=\"787\" \/>\n\t<meta property=\"og:image:height\" content=\"549\" \/>\n\t<meta property=\"og:image:type\" content=\"image\/jpeg\" \/>\n<meta name=\"author\" content=\"ºìÌÒÊÓÆµCommunications\" \/>\n<meta name=\"twitter:card\" content=\"summary_large_image\" \/>\n<meta name=\"twitter:label1\" content=\"\u00c9crit par\" \/>\n\t<meta name=\"twitter:data1\" content=\"ºìÌÒÊÓÆµCommunications\" \/>\n\t<meta name=\"twitter:label2\" content=\"Estimation du temps de lecture\" \/>\n\t<meta name=\"twitter:data2\" content=\"1 minute\" \/>\n<script type=\"application\/ld+json\" class=\"yoast-schema-graph\">{\"@context\":\"https:\/\/schema.org\",\"@graph\":[{\"@type\":\"Article\",\"@id\":\"https:\/\/iatse.net\/fr\/iatse-president-loeb-statement-on-janus-v-afscme-decision\/#article\",\"isPartOf\":{\"@id\":\"https:\/\/iatse.net\/fr\/iatse-president-loeb-statement-on-janus-v-afscme-decision\/\"},\"author\":{\"name\":\"ºìÌÒÊÓÆµCommunications\",\"@id\":\"https:\/\/iatse.net\/#\/schema\/person\/0f70e66471ace00026b129e85eb44df0\"},\"headline\":\"ºìÌÒÊÓÆµPRESIDENT LOEB STATEMENT ON JANUS V. AFSCME DECISION\",\"datePublished\":\"2018-06-27T00:00:00+00:00\",\"dateModified\":\"2018-06-27T00:00:00+00:00\",\"mainEntityOfPage\":{\"@id\":\"https:\/\/iatse.net\/fr\/iatse-president-loeb-statement-on-janus-v-afscme-decision\/\"},\"wordCount\":148,\"commentCount\":0,\"publisher\":{\"@id\":\"https:\/\/iatse.net\/#organization\"},\"image\":{\"@id\":\"https:\/\/iatse.net\/fr\/iatse-president-loeb-statement-on-janus-v-afscme-decision\/#primaryimage\"},\"thumbnailUrl\":\"https:\/\/iatse.net\/wp-content\/uploads\/2021\/06\/2020-09-29-CleDebate-Union-And-Constitution-Forever-1.jpg\",\"keywords\":[\"Political and Legislative\"],\"articleSection\":[\"News\"],\"inLanguage\":\"fr-CA\"},{\"@type\":\"WebPage\",\"@id\":\"https:\/\/iatse.net\/fr\/iatse-president-loeb-statement-on-janus-v-afscme-decision\/\",\"url\":\"https:\/\/iatse.net\/fr\/iatse-president-loeb-statement-on-janus-v-afscme-decision\/\",\"name\":\"ºìÌÒÊÓÆµPRESIDENT LOEB STATEMENT ON JANUS V. AFSCME DECISION - IATSE\",\"isPartOf\":{\"@id\":\"https:\/\/iatse.net\/#website\"},\"primaryImageOfPage\":{\"@id\":\"https:\/\/iatse.net\/fr\/iatse-president-loeb-statement-on-janus-v-afscme-decision\/#primaryimage\"},\"image\":{\"@id\":\"https:\/\/iatse.net\/fr\/iatse-president-loeb-statement-on-janus-v-afscme-decision\/#primaryimage\"},\"thumbnailUrl\":\"https:\/\/iatse.net\/wp-content\/uploads\/2021\/06\/2020-09-29-CleDebate-Union-And-Constitution-Forever-1.jpg\",\"datePublished\":\"2018-06-27T00:00:00+00:00\",\"dateModified\":\"2018-06-27T00:00:00+00:00\",\"breadcrumb\":{\"@id\":\"https:\/\/iatse.net\/fr\/iatse-president-loeb-statement-on-janus-v-afscme-decision\/#breadcrumb\"},\"inLanguage\":\"fr-CA\",\"potentialAction\":[{\"@type\":\"ReadAction\",\"target\":[\"https:\/\/iatse.net\/fr\/iatse-president-loeb-statement-on-janus-v-afscme-decision\/\"]}]},{\"@type\":\"ImageObject\",\"inLanguage\":\"fr-CA\",\"@id\":\"https:\/\/iatse.net\/fr\/iatse-president-loeb-statement-on-janus-v-afscme-decision\/#primaryimage\",\"url\":\"https:\/\/iatse.net\/wp-content\/uploads\/2021\/06\/2020-09-29-CleDebate-Union-And-Constitution-Forever-1.jpg\",\"contentUrl\":\"https:\/\/iatse.net\/wp-content\/uploads\/2021\/06\/2020-09-29-CleDebate-Union-And-Constitution-Forever-1.jpg\",\"width\":787,\"height\":549,\"caption\":\"ºìÌÒÊÓÆµGeneral Board Endorses Obama 2nd Term\"},{\"@type\":\"BreadcrumbList\",\"@id\":\"https:\/\/iatse.net\/fr\/iatse-president-loeb-statement-on-janus-v-afscme-decision\/#breadcrumb\",\"itemListElement\":[{\"@type\":\"ListItem\",\"position\":1,\"name\":\"Home\",\"item\":\"https:\/\/iatse.net\/\"},{\"@type\":\"ListItem\",\"position\":2,\"name\":\"ºìÌÒÊÓÆµPRESIDENT LOEB STATEMENT ON JANUS V. AFSCME DECISION\"}]},{\"@type\":\"WebSite\",\"@id\":\"https:\/\/iatse.net\/#website\",\"url\":\"https:\/\/iatse.net\/\",\"name\":\"IATSE\",\"description\":\"The Union Behind Entertainment\",\"publisher\":{\"@id\":\"https:\/\/iatse.net\/#organization\"},\"potentialAction\":[{\"@type\":\"SearchAction\",\"target\":{\"@type\":\"EntryPoint\",\"urlTemplate\":\"https:\/\/iatse.net\/?s={search_term_string}\"},\"query-input\":{\"@type\":\"PropertyValueSpecification\",\"valueRequired\":true,\"valueName\":\"search_term_string\"}}],\"inLanguage\":\"fr-CA\"},{\"@type\":\"Organization\",\"@id\":\"https:\/\/iatse.net\/#organization\",\"name\":\"IATSE\",\"url\":\"https:\/\/iatse.net\/\",\"logo\":{\"@type\":\"ImageObject\",\"inLanguage\":\"fr-CA\",\"@id\":\"https:\/\/iatse.net\/#\/schema\/logo\/image\/\",\"url\":\"https:\/\/iatse.net\/wp-content\/uploads\/2021\/03\/IATSE_Logo_White.png\",\"contentUrl\":\"https:\/\/iatse.net\/wp-content\/uploads\/2021\/03\/IATSE_Logo_White.png\",\"width\":2100,\"height\":1987,\"caption\":\"IATSE\"},\"image\":{\"@id\":\"https:\/\/iatse.net\/#\/schema\/logo\/image\/\"}},{\"@type\":\"Person\",\"@id\":\"https:\/\/iatse.net\/#\/schema\/person\/0f70e66471ace00026b129e85eb44df0\",\"name\":\"ºìÌÒÊÓÆµCommunications\",\"image\":{\"@type\":\"ImageObject\",\"inLanguage\":\"fr-CA\",\"@id\":\"https:\/\/iatse.net\/#\/schema\/person\/image\/\",\"url\":\"https:\/\/secure.gravatar.com\/avatar\/35aecdeea9e9584c91ca1675b0997004?s=96&d=mm&r=g\",\"contentUrl\":\"https:\/\/secure.gravatar.com\/avatar\/35aecdeea9e9584c91ca1675b0997004?s=96&d=mm&r=g\",\"caption\":\"ºìÌÒÊÓÆµCommunications\"},\"sameAs\":[\"https:\/\/iatse.net\"],\"url\":\"https:\/\/iatse.net\/fr\/author\/communications\/\"}]}<\/script>\n<!-- \/ Yoast SEO plugin. -->","yoast_head_json":{"title":"ºìÌÒÊÓÆµPRESIDENT LOEB STATEMENT ON JANUS V. AFSCME DECISION - IATSE","robots":{"index":"index","follow":"follow","max-snippet":"max-snippet:-1","max-image-preview":"max-image-preview:large","max-video-preview":"max-video-preview:-1"},"canonical":"https:\/\/iatse.net\/fr\/iatse-president-loeb-statement-on-janus-v-afscme-decision\/","og_locale":"fr_CA","og_type":"article","og_title":"ºìÌÒÊÓÆµPRESIDENT LOEB STATEMENT ON JANUS V. AFSCME DECISION - IATSE","og_description":"ºìÌÒÊÓÆµInternational President Matthew D. Loeb made the following statement about today&#8217;s decision in Janus v. AFSCME: This terrible decision is a sign of our times and the political mess [&hellip;]","og_url":"https:\/\/iatse.net\/fr\/iatse-president-loeb-statement-on-janus-v-afscme-decision\/","og_site_name":"IATSE","article_published_time":"2018-06-27T00:00:00+00:00","og_image":[{"width":787,"height":549,"url":"https:\/\/iatse.net\/wp-content\/uploads\/2021\/06\/2020-09-29-CleDebate-Union-And-Constitution-Forever-1.jpg","type":"image\/jpeg"}],"author":"ºìÌÒÊÓÆµCommunications","twitter_card":"summary_large_image","twitter_misc":{"\u00c9crit par":"ºìÌÒÊÓÆµCommunications","Estimation du temps de lecture":"1 minute"},"schema":{"@context":"https:\/\/schema.org","@graph":[{"@type":"Article","@id":"https:\/\/iatse.net\/fr\/iatse-president-loeb-statement-on-janus-v-afscme-decision\/#article","isPartOf":{"@id":"https:\/\/iatse.net\/fr\/iatse-president-loeb-statement-on-janus-v-afscme-decision\/"},"author":{"name":"ºìÌÒÊÓÆµCommunications","@id":"https:\/\/iatse.net\/#\/schema\/person\/0f70e66471ace00026b129e85eb44df0"},"headline":"ºìÌÒÊÓÆµPRESIDENT LOEB STATEMENT ON JANUS V. AFSCME DECISION","datePublished":"2018-06-27T00:00:00+00:00","dateModified":"2018-06-27T00:00:00+00:00","mainEntityOfPage":{"@id":"https:\/\/iatse.net\/fr\/iatse-president-loeb-statement-on-janus-v-afscme-decision\/"},"wordCount":148,"commentCount":0,"publisher":{"@id":"https:\/\/iatse.net\/#organization"},"image":{"@id":"https:\/\/iatse.net\/fr\/iatse-president-loeb-statement-on-janus-v-afscme-decision\/#primaryimage"},"thumbnailUrl":"https:\/\/iatse.net\/wp-content\/uploads\/2021\/06\/2020-09-29-CleDebate-Union-And-Constitution-Forever-1.jpg","keywords":["Political and Legislative"],"articleSection":["News"],"inLanguage":"fr-CA"},{"@type":"WebPage","@id":"https:\/\/iatse.net\/fr\/iatse-president-loeb-statement-on-janus-v-afscme-decision\/","url":"https:\/\/iatse.net\/fr\/iatse-president-loeb-statement-on-janus-v-afscme-decision\/","name":"ºìÌÒÊÓÆµPRESIDENT LOEB STATEMENT ON JANUS V. AFSCME DECISION - IATSE","isPartOf":{"@id":"https:\/\/iatse.net\/#website"},"primaryImageOfPage":{"@id":"https:\/\/iatse.net\/fr\/iatse-president-loeb-statement-on-janus-v-afscme-decision\/#primaryimage"},"image":{"@id":"https:\/\/iatse.net\/fr\/iatse-president-loeb-statement-on-janus-v-afscme-decision\/#primaryimage"},"thumbnailUrl":"https:\/\/iatse.net\/wp-content\/uploads\/2021\/06\/2020-09-29-CleDebate-Union-And-Constitution-Forever-1.jpg","datePublished":"2018-06-27T00:00:00+00:00","dateModified":"2018-06-27T00:00:00+00:00","breadcrumb":{"@id":"https:\/\/iatse.net\/fr\/iatse-president-loeb-statement-on-janus-v-afscme-decision\/#breadcrumb"},"inLanguage":"fr-CA","potentialAction":[{"@type":"ReadAction","target":["https:\/\/iatse.net\/fr\/iatse-president-loeb-statement-on-janus-v-afscme-decision\/"]}]},{"@type":"ImageObject","inLanguage":"fr-CA","@id":"https:\/\/iatse.net\/fr\/iatse-president-loeb-statement-on-janus-v-afscme-decision\/#primaryimage","url":"https:\/\/iatse.net\/wp-content\/uploads\/2021\/06\/2020-09-29-CleDebate-Union-And-Constitution-Forever-1.jpg","contentUrl":"https:\/\/iatse.net\/wp-content\/uploads\/2021\/06\/2020-09-29-CleDebate-Union-And-Constitution-Forever-1.jpg","width":787,"height":549,"caption":"ºìÌÒÊÓÆµGeneral Board Endorses Obama 2nd Term"},{"@type":"BreadcrumbList","@id":"https:\/\/iatse.net\/fr\/iatse-president-loeb-statement-on-janus-v-afscme-decision\/#breadcrumb","itemListElement":[{"@type":"ListItem","position":1,"name":"Home","item":"https:\/\/iatse.net\/"},{"@type":"ListItem","position":2,"name":"ºìÌÒÊÓÆµPRESIDENT LOEB STATEMENT ON JANUS V. AFSCME DECISION"}]},{"@type":"WebSite","@id":"https:\/\/iatse.net\/#website","url":"https:\/\/iatse.net\/","name":"IATSE","description":"The Union Behind Entertainment","publisher":{"@id":"https:\/\/iatse.net\/#organization"},"potentialAction":[{"@type":"SearchAction","target":{"@type":"EntryPoint","urlTemplate":"https:\/\/iatse.net\/?s={search_term_string}"},"query-input":{"@type":"PropertyValueSpecification","valueRequired":true,"valueName":"search_term_string"}}],"inLanguage":"fr-CA"},{"@type":"Organization","@id":"https:\/\/iatse.net\/#organization","name":"IATSE","url":"https:\/\/iatse.net\/","logo":{"@type":"ImageObject","inLanguage":"fr-CA","@id":"https:\/\/iatse.net\/#\/schema\/logo\/image\/","url":"https:\/\/iatse.net\/wp-content\/uploads\/2021\/03\/IATSE_Logo_White.png","contentUrl":"https:\/\/iatse.net\/wp-content\/uploads\/2021\/03\/IATSE_Logo_White.png","width":2100,"height":1987,"caption":"IATSE"},"image":{"@id":"https:\/\/iatse.net\/#\/schema\/logo\/image\/"}},{"@type":"Person","@id":"https:\/\/iatse.net\/#\/schema\/person\/0f70e66471ace00026b129e85eb44df0","name":"ºìÌÒÊÓÆµCommunications","image":{"@type":"ImageObject","inLanguage":"fr-CA","@id":"https:\/\/iatse.net\/#\/schema\/person\/image\/","url":"https:\/\/secure.gravatar.com\/avatar\/35aecdeea9e9584c91ca1675b0997004?s=96&d=mm&r=g","contentUrl":"https:\/\/secure.gravatar.com\/avatar\/35aecdeea9e9584c91ca1675b0997004?s=96&d=mm&r=g","caption":"ºìÌÒÊÓÆµCommunications"},"sameAs":["https:\/\/iatse.net"],"url":"https:\/\/iatse.net\/fr\/author\/communications\/"}]}},"acf":[],"_links":{"self":[{"href":"https:\/\/iatse.net\/fr\/wp-json\/wp\/v2\/posts\/2243"}],"collection":[{"href":"https:\/\/iatse.net\/fr\/wp-json\/wp\/v2\/posts"}],"about":[{"href":"https:\/\/iatse.net\/fr\/wp-json\/wp\/v2\/types\/post"}],"author":[{"embeddable":true,"href":"https:\/\/iatse.net\/fr\/wp-json\/wp\/v2\/users\/1"}],"replies":[{"embeddable":true,"href":"https:\/\/iatse.net\/fr\/wp-json\/wp\/v2\/comments?post=2243"}],"version-history":[{"count":0,"href":"https:\/\/iatse.net\/fr\/wp-json\/wp\/v2\/posts\/2243\/revisions"}],"wp:featuredmedia":[{"embeddable":true,"href":"https:\/\/iatse.net\/fr\/wp-json\/wp\/v2\/media\/1729"}],"wp:attachment":[{"href":"https:\/\/iatse.net\/fr\/wp-json\/wp\/v2\/media?parent=2243"}],"wp:term":[{"taxonomy":"category","embeddable":true,"href":"https:\/\/iatse.net\/fr\/wp-json\/wp\/v2\/categories?post=2243"},{"taxonomy":"post_tag","embeddable":true,"href":"https:\/\/iatse.net\/fr\/wp-json\/wp\/v2\/tags?post=2243"}],"curies":[{"name":"wp","href":"https:\/\/api.w.org\/{rel}","templated":true}]}}