  {"id":4436,"date":"2021-06-18T17:00:00","date_gmt":"2021-06-18T21:00:00","guid":{"rendered":"https:\/\/iatse.net\/?p=4436"},"modified":"2021-07-09T12:29:20","modified_gmt":"2021-07-09T16:29:20","slug":"iatse-congratulates-team-unite-as-new-leadership-of-canadian-labour-congress","status":"publish","type":"post","link":"https:\/\/iatse.net\/fr\/iatse-congratulates-team-unite-as-new-leadership-of-canadian-labour-congress\/","title":{"rendered":"L'ºìÌÒÊÓÆµf\u00e9licite l'\u00c9quipe Ensemble comme nouvelle direction du Congr\u00e8s du travail du Canada"},"content":{"rendered":"<p><strong>OTTAWA, ON<\/strong> - L'ºìÌÒÊÓÆµest ravie que l'\u00c9quipe Ensemble  ait \u00e9t\u00e9 \u00e9lue \u00e0 la t\u00eate du Congr\u00e8s du travail du Canada. L'\u00e9quipe, compos\u00e9e de Bea Bruske des TUAC, de Lily Chang du SCFP et de Siobhan Vipond de l'IATSE, a \u00e9t\u00e9 \u00e9lue par une forte majorit\u00e9 des plus de 4 000 d\u00e9l\u00e9gu\u00e9s aujourd'hui, lors de la derni\u00e8re journ\u00e9e du Congr\u00e8s 2021 du CTC. Larry Rousseau a \u00e9t\u00e9 r\u00e9\u00e9lu au poste de vice-pr\u00e9sident restant. L'\u00c9quipe Ensemble et Larry Rousseau s'\u00e9taient mutuellement soutenus durant leurs campagnes respectives.<br><br>\"Avec leurs ant\u00e9c\u00e9dents \u00e9prouv\u00e9s en tant que militants syndicaux, les membres de l'\u00c9quipe Ensemble apportent une riche exp\u00e9rience au Congr\u00e8s du travail du Canada. Nous sommes impatients de voir leur leadership progressiste se d\u00e9ployer. C'est la premi\u00e8re fois qu'un membre de l'ºìÌÒÊÓÆµest \u00e9lu \u00e0 un poste de direction \u00e0 temps plein au niveau national, et je ne pourrais pas \u00eatre plus fier\", a d\u00e9clar\u00e9 le Pr\u00e9sident international de l'IATSE, Matthew D. Loeb.<br><br>John M. Lewis, Directeur des affaires canadiennes de l'IATSE, a ajout\u00e9 : \"Siobhan a une passion et un d\u00e9vouement incroyables dans la lutte pour les travailleurs et pour un changement progressif. En tant qu'ancienne secr\u00e9taire-tr\u00e9sori\u00e8re de la F\u00e9d\u00e9ration du travail de l'Alberta, elle a fait d'\u00e9normes progr\u00e8s pour les travailleurs aux niveaux municipal et provincial. J'ai toute confiance que Siobhan et la liste de L\u2019\u00c9quipe Ensemble feront de grandes choses en dirigeant la demeure des travailleurs du Canada.\"<br><br>Les nouveaux dirigeants entameront imm\u00e9diatement leur mandat de deux ans. Le mouvement syndical du Canada est entre de bonnes mains.<br><br><strong>Pour plus d'informations, contactez :<\/strong><br><br>Krista Hurdon, Repr\u00e9sentante internationale de l'IATSE<br><a href=\"mailto:khurdon@iatse.net\">khurdon@iatse.net<\/a><\/p>","protected":false},"excerpt":{"rendered":"<p>OTTAWA, ON - L'ºìÌÒÊÓÆµest ravie que l'\u00c9quipe Unite ait \u00e9t\u00e9 \u00e9lue \u00e0 la t\u00eate du Congr\u00e8s du travail du Canada. L'\u00e9quipe, compos\u00e9e des TUAC, de Bea [...]<\/p>","protected":false},"author":2,"featured_media":4442,"comment_status":"closed","ping_status":"closed","sticky":false,"template":"","format":"standard","meta":{"_acf_changed":false,"_monsterinsights_skip_tracking":false,"_monsterinsights_sitenote_active":false,"_monsterinsights_sitenote_note":"","_monsterinsights_sitenote_category":0,"footnotes":""},"categories":[8],"tags":[19],"yoast_head":"<!-- This site is optimized with the Yoast SEO plugin v23.5 - https:\/\/yoast.com\/wordpress\/plugins\/seo\/ -->\n<title>ºìÌÒÊÓÆµCongratulates Team Unite as New Leadership of Canadian Labour Congress - IATSE<\/title>\n<meta name=\"robots\" content=\"index, follow, max-snippet:-1, max-image-preview:large, max-video-preview:-1\" \/>\n<link rel=\"canonical\" href=\"https:\/\/iatse.net\/fr\/iatse-congratulates-team-unite-as-new-leadership-of-canadian-labour-congress\/\" \/>\n<meta property=\"og:locale\" content=\"fr_CA\" \/>\n<meta property=\"og:type\" content=\"article\" \/>\n<meta property=\"og:title\" content=\"ºìÌÒÊÓÆµCongratulates Team Unite as New Leadership of Canadian Labour Congress - IATSE\" \/>\n<meta property=\"og:description\" content=\"OTTAWA, ON \u2013 The ºìÌÒÊÓÆµis thrilled that Team Unite has been elected as the new leadership of the Canadian Labour Congress. The team, made up of the UFCW\u2019s Bea [&hellip;]\" \/>\n<meta property=\"og:url\" content=\"https:\/\/iatse.net\/fr\/iatse-congratulates-team-unite-as-new-leadership-of-canadian-labour-congress\/\" \/>\n<meta property=\"og:site_name\" content=\"IATSE\" \/>\n<meta property=\"article:published_time\" content=\"2021-06-18T21:00:00+00:00\" \/>\n<meta property=\"article:modified_time\" content=\"2021-07-09T16:29:20+00:00\" \/>\n<meta property=\"og:image\" content=\"https:\/\/iatse.net\/wp-content\/uploads\/2021\/07\/Team-Unite-EN.png\" \/>\n\t<meta property=\"og:image:width\" content=\"991\" \/>\n\t<meta property=\"og:image:height\" content=\"509\" \/>\n\t<meta property=\"og:image:type\" content=\"image\/png\" \/>\n<meta name=\"author\" content=\"ºìÌÒÊÓÆµCanada\" \/>\n<meta name=\"twitter:card\" content=\"summary_large_image\" \/>\n<meta name=\"twitter:label1\" content=\"\u00c9crit par\" \/>\n\t<meta name=\"twitter:data1\" content=\"ºìÌÒÊÓÆµCanada\" \/>\n\t<meta name=\"twitter:label2\" content=\"Estimation du temps de lecture\" \/>\n\t<meta name=\"twitter:data2\" content=\"1 minute\" \/>\n<script type=\"application\/ld+json\" class=\"yoast-schema-graph\">{\"@context\":\"https:\/\/schema.org\",\"@graph\":[{\"@type\":\"Article\",\"@id\":\"https:\/\/iatse.net\/fr\/iatse-congratulates-team-unite-as-new-leadership-of-canadian-labour-congress\/#article\",\"isPartOf\":{\"@id\":\"https:\/\/iatse.net\/fr\/iatse-congratulates-team-unite-as-new-leadership-of-canadian-labour-congress\/\"},\"author\":{\"name\":\"ºìÌÒÊÓÆµCanada\",\"@id\":\"https:\/\/iatse.net\/#\/schema\/person\/fa2ba16e46fb33818df5f2ae5bf0554a\"},\"headline\":\"ºìÌÒÊÓÆµCongratulates Team Unite as New Leadership of Canadian Labour Congress\",\"datePublished\":\"2021-06-18T21:00:00+00:00\",\"dateModified\":\"2021-07-09T16:29:20+00:00\",\"mainEntityOfPage\":{\"@id\":\"https:\/\/iatse.net\/fr\/iatse-congratulates-team-unite-as-new-leadership-of-canadian-labour-congress\/\"},\"wordCount\":262,\"publisher\":{\"@id\":\"https:\/\/iatse.net\/#organization\"},\"image\":{\"@id\":\"https:\/\/iatse.net\/fr\/iatse-congratulates-team-unite-as-new-leadership-of-canadian-labour-congress\/#primaryimage\"},\"thumbnailUrl\":\"https:\/\/iatse.net\/wp-content\/uploads\/2021\/07\/Team-Unite-EN.png\",\"keywords\":[\"Canada\"],\"articleSection\":[\"News\"],\"inLanguage\":\"fr-CA\"},{\"@type\":\"WebPage\",\"@id\":\"https:\/\/iatse.net\/fr\/iatse-congratulates-team-unite-as-new-leadership-of-canadian-labour-congress\/\",\"url\":\"https:\/\/iatse.net\/fr\/iatse-congratulates-team-unite-as-new-leadership-of-canadian-labour-congress\/\",\"name\":\"ºìÌÒÊÓÆµCongratulates Team Unite as New Leadership of Canadian Labour Congress - IATSE\",\"isPartOf\":{\"@id\":\"https:\/\/iatse.net\/#website\"},\"primaryImageOfPage\":{\"@id\":\"https:\/\/iatse.net\/fr\/iatse-congratulates-team-unite-as-new-leadership-of-canadian-labour-congress\/#primaryimage\"},\"image\":{\"@id\":\"https:\/\/iatse.net\/fr\/iatse-congratulates-team-unite-as-new-leadership-of-canadian-labour-congress\/#primaryimage\"},\"thumbnailUrl\":\"https:\/\/iatse.net\/wp-content\/uploads\/2021\/07\/Team-Unite-EN.png\",\"datePublished\":\"2021-06-18T21:00:00+00:00\",\"dateModified\":\"2021-07-09T16:29:20+00:00\",\"breadcrumb\":{\"@id\":\"https:\/\/iatse.net\/fr\/iatse-congratulates-team-unite-as-new-leadership-of-canadian-labour-congress\/#breadcrumb\"},\"inLanguage\":\"fr-CA\",\"potentialAction\":[{\"@type\":\"ReadAction\",\"target\":[\"https:\/\/iatse.net\/fr\/iatse-congratulates-team-unite-as-new-leadership-of-canadian-labour-congress\/\"]}]},{\"@type\":\"ImageObject\",\"inLanguage\":\"fr-CA\",\"@id\":\"https:\/\/iatse.net\/fr\/iatse-congratulates-team-unite-as-new-leadership-of-canadian-labour-congress\/#primaryimage\",\"url\":\"https:\/\/iatse.net\/wp-content\/uploads\/2021\/07\/Team-Unite-EN.png\",\"contentUrl\":\"https:\/\/iatse.net\/wp-content\/uploads\/2021\/07\/Team-Unite-EN.png\",\"width\":991,\"height\":509,\"caption\":\"Team Unite - EN\"},{\"@type\":\"BreadcrumbList\",\"@id\":\"https:\/\/iatse.net\/fr\/iatse-congratulates-team-unite-as-new-leadership-of-canadian-labour-congress\/#breadcrumb\",\"itemListElement\":[{\"@type\":\"ListItem\",\"position\":1,\"name\":\"Home\",\"item\":\"https:\/\/iatse.net\/\"},{\"@type\":\"ListItem\",\"position\":2,\"name\":\"ºìÌÒÊÓÆµCongratulates Team Unite as New Leadership of Canadian Labour Congress\"}]},{\"@type\":\"WebSite\",\"@id\":\"https:\/\/iatse.net\/#website\",\"url\":\"https:\/\/iatse.net\/\",\"name\":\"IATSE\",\"description\":\"The Union Behind Entertainment\",\"publisher\":{\"@id\":\"https:\/\/iatse.net\/#organization\"},\"potentialAction\":[{\"@type\":\"SearchAction\",\"target\":{\"@type\":\"EntryPoint\",\"urlTemplate\":\"https:\/\/iatse.net\/?s={search_term_string}\"},\"query-input\":{\"@type\":\"PropertyValueSpecification\",\"valueRequired\":true,\"valueName\":\"search_term_string\"}}],\"inLanguage\":\"fr-CA\"},{\"@type\":\"Organization\",\"@id\":\"https:\/\/iatse.net\/#organization\",\"name\":\"IATSE\",\"url\":\"https:\/\/iatse.net\/\",\"logo\":{\"@type\":\"ImageObject\",\"inLanguage\":\"fr-CA\",\"@id\":\"https:\/\/iatse.net\/#\/schema\/logo\/image\/\",\"url\":\"https:\/\/iatse.net\/wp-content\/uploads\/2021\/03\/IATSE_Logo_White.png\",\"contentUrl\":\"https:\/\/iatse.net\/wp-content\/uploads\/2021\/03\/IATSE_Logo_White.png\",\"width\":2100,\"height\":1987,\"caption\":\"IATSE\"},\"image\":{\"@id\":\"https:\/\/iatse.net\/#\/schema\/logo\/image\/\"}},{\"@type\":\"Person\",\"@id\":\"https:\/\/iatse.net\/#\/schema\/person\/fa2ba16e46fb33818df5f2ae5bf0554a\",\"name\":\"ºìÌÒÊÓÆµCanada\",\"image\":{\"@type\":\"ImageObject\",\"inLanguage\":\"fr-CA\",\"@id\":\"https:\/\/iatse.net\/#\/schema\/person\/image\/\",\"url\":\"https:\/\/secure.gravatar.com\/avatar\/0a1e4f2e3b3cd9e5028fa27657fc1c52?s=96&d=mm&r=g\",\"contentUrl\":\"https:\/\/secure.gravatar.com\/avatar\/0a1e4f2e3b3cd9e5028fa27657fc1c52?s=96&d=mm&r=g\",\"caption\":\"ºìÌÒÊÓÆµCanada\"},\"url\":\"https:\/\/iatse.net\/fr\/author\/nrichmond\/\"}]}<\/script>\n<!-- \/ Yoast SEO plugin. -->","yoast_head_json":{"title":"ºìÌÒÊÓÆµCongratulates Team Unite as New Leadership of Canadian Labour Congress - IATSE","robots":{"index":"index","follow":"follow","max-snippet":"max-snippet:-1","max-image-preview":"max-image-preview:large","max-video-preview":"max-video-preview:-1"},"canonical":"https:\/\/iatse.net\/fr\/iatse-congratulates-team-unite-as-new-leadership-of-canadian-labour-congress\/","og_locale":"fr_CA","og_type":"article","og_title":"ºìÌÒÊÓÆµCongratulates Team Unite as New Leadership of Canadian Labour Congress - IATSE","og_description":"OTTAWA, ON \u2013 The ºìÌÒÊÓÆµis thrilled that Team Unite has been elected as the new leadership of the Canadian Labour Congress. The team, made up of the UFCW\u2019s Bea [&hellip;]","og_url":"https:\/\/iatse.net\/fr\/iatse-congratulates-team-unite-as-new-leadership-of-canadian-labour-congress\/","og_site_name":"IATSE","article_published_time":"2021-06-18T21:00:00+00:00","article_modified_time":"2021-07-09T16:29:20+00:00","og_image":[{"width":991,"height":509,"url":"https:\/\/iatse.net\/wp-content\/uploads\/2021\/07\/Team-Unite-EN.png","type":"image\/png"}],"author":"ºìÌÒÊÓÆµCanada","twitter_card":"summary_large_image","twitter_misc":{"\u00c9crit par":"ºìÌÒÊÓÆµCanada","Estimation du temps de lecture":"1 minute"},"schema":{"@context":"https:\/\/schema.org","@graph":[{"@type":"Article","@id":"https:\/\/iatse.net\/fr\/iatse-congratulates-team-unite-as-new-leadership-of-canadian-labour-congress\/#article","isPartOf":{"@id":"https:\/\/iatse.net\/fr\/iatse-congratulates-team-unite-as-new-leadership-of-canadian-labour-congress\/"},"author":{"name":"ºìÌÒÊÓÆµCanada","@id":"https:\/\/iatse.net\/#\/schema\/person\/fa2ba16e46fb33818df5f2ae5bf0554a"},"headline":"ºìÌÒÊÓÆµCongratulates Team Unite as New Leadership of Canadian Labour Congress","datePublished":"2021-06-18T21:00:00+00:00","dateModified":"2021-07-09T16:29:20+00:00","mainEntityOfPage":{"@id":"https:\/\/iatse.net\/fr\/iatse-congratulates-team-unite-as-new-leadership-of-canadian-labour-congress\/"},"wordCount":262,"publisher":{"@id":"https:\/\/iatse.net\/#organization"},"image":{"@id":"https:\/\/iatse.net\/fr\/iatse-congratulates-team-unite-as-new-leadership-of-canadian-labour-congress\/#primaryimage"},"thumbnailUrl":"https:\/\/iatse.net\/wp-content\/uploads\/2021\/07\/Team-Unite-EN.png","keywords":["Canada"],"articleSection":["News"],"inLanguage":"fr-CA"},{"@type":"WebPage","@id":"https:\/\/iatse.net\/fr\/iatse-congratulates-team-unite-as-new-leadership-of-canadian-labour-congress\/","url":"https:\/\/iatse.net\/fr\/iatse-congratulates-team-unite-as-new-leadership-of-canadian-labour-congress\/","name":"ºìÌÒÊÓÆµCongratulates Team Unite as New Leadership of Canadian Labour Congress - IATSE","isPartOf":{"@id":"https:\/\/iatse.net\/#website"},"primaryImageOfPage":{"@id":"https:\/\/iatse.net\/fr\/iatse-congratulates-team-unite-as-new-leadership-of-canadian-labour-congress\/#primaryimage"},"image":{"@id":"https:\/\/iatse.net\/fr\/iatse-congratulates-team-unite-as-new-leadership-of-canadian-labour-congress\/#primaryimage"},"thumbnailUrl":"https:\/\/iatse.net\/wp-content\/uploads\/2021\/07\/Team-Unite-EN.png","datePublished":"2021-06-18T21:00:00+00:00","dateModified":"2021-07-09T16:29:20+00:00","breadcrumb":{"@id":"https:\/\/iatse.net\/fr\/iatse-congratulates-team-unite-as-new-leadership-of-canadian-labour-congress\/#breadcrumb"},"inLanguage":"fr-CA","potentialAction":[{"@type":"ReadAction","target":["https:\/\/iatse.net\/fr\/iatse-congratulates-team-unite-as-new-leadership-of-canadian-labour-congress\/"]}]},{"@type":"ImageObject","inLanguage":"fr-CA","@id":"https:\/\/iatse.net\/fr\/iatse-congratulates-team-unite-as-new-leadership-of-canadian-labour-congress\/#primaryimage","url":"https:\/\/iatse.net\/wp-content\/uploads\/2021\/07\/Team-Unite-EN.png","contentUrl":"https:\/\/iatse.net\/wp-content\/uploads\/2021\/07\/Team-Unite-EN.png","width":991,"height":509,"caption":"Team Unite - EN"},{"@type":"BreadcrumbList","@id":"https:\/\/iatse.net\/fr\/iatse-congratulates-team-unite-as-new-leadership-of-canadian-labour-congress\/#breadcrumb","itemListElement":[{"@type":"ListItem","position":1,"name":"Home","item":"https:\/\/iatse.net\/"},{"@type":"ListItem","position":2,"name":"ºìÌÒÊÓÆµCongratulates Team Unite as New Leadership of Canadian Labour Congress"}]},{"@type":"WebSite","@id":"https:\/\/iatse.net\/#website","url":"https:\/\/iatse.net\/","name":"IATSE","description":"The Union Behind Entertainment","publisher":{"@id":"https:\/\/iatse.net\/#organization"},"potentialAction":[{"@type":"SearchAction","target":{"@type":"EntryPoint","urlTemplate":"https:\/\/iatse.net\/?s={search_term_string}"},"query-input":{"@type":"PropertyValueSpecification","valueRequired":true,"valueName":"search_term_string"}}],"inLanguage":"fr-CA"},{"@type":"Organization","@id":"https:\/\/iatse.net\/#organization","name":"IATSE","url":"https:\/\/iatse.net\/","logo":{"@type":"ImageObject","inLanguage":"fr-CA","@id":"https:\/\/iatse.net\/#\/schema\/logo\/image\/","url":"https:\/\/iatse.net\/wp-content\/uploads\/2021\/03\/IATSE_Logo_White.png","contentUrl":"https:\/\/iatse.net\/wp-content\/uploads\/2021\/03\/IATSE_Logo_White.png","width":2100,"height":1987,"caption":"IATSE"},"image":{"@id":"https:\/\/iatse.net\/#\/schema\/logo\/image\/"}},{"@type":"Person","@id":"https:\/\/iatse.net\/#\/schema\/person\/fa2ba16e46fb33818df5f2ae5bf0554a","name":"ºìÌÒÊÓÆµCanada","image":{"@type":"ImageObject","inLanguage":"fr-CA","@id":"https:\/\/iatse.net\/#\/schema\/person\/image\/","url":"https:\/\/secure.gravatar.com\/avatar\/0a1e4f2e3b3cd9e5028fa27657fc1c52?s=96&d=mm&r=g","contentUrl":"https:\/\/secure.gravatar.com\/avatar\/0a1e4f2e3b3cd9e5028fa27657fc1c52?s=96&d=mm&r=g","caption":"ºìÌÒÊÓÆµCanada"},"url":"https:\/\/iatse.net\/fr\/author\/nrichmond\/"}]}},"acf":[],"_links":{"self":[{"href":"https:\/\/iatse.net\/fr\/wp-json\/wp\/v2\/posts\/4436"}],"collection":[{"href":"https:\/\/iatse.net\/fr\/wp-json\/wp\/v2\/posts"}],"about":[{"href":"https:\/\/iatse.net\/fr\/wp-json\/wp\/v2\/types\/post"}],"author":[{"embeddable":true,"href":"https:\/\/iatse.net\/fr\/wp-json\/wp\/v2\/users\/2"}],"replies":[{"embeddable":true,"href":"https:\/\/iatse.net\/fr\/wp-json\/wp\/v2\/comments?post=4436"}],"version-history":[{"count":4,"href":"https:\/\/iatse.net\/fr\/wp-json\/wp\/v2\/posts\/4436\/revisions"}],"predecessor-version":[{"id":4443,"href":"https:\/\/iatse.net\/fr\/wp-json\/wp\/v2\/posts\/4436\/revisions\/4443"}],"wp:featuredmedia":[{"embeddable":true,"href":"https:\/\/iatse.net\/fr\/wp-json\/wp\/v2\/media\/4442"}],"wp:attachment":[{"href":"https:\/\/iatse.net\/fr\/wp-json\/wp\/v2\/media?parent=4436"}],"wp:term":[{"taxonomy":"category","embeddable":true,"href":"https:\/\/iatse.net\/fr\/wp-json\/wp\/v2\/categories?post=4436"},{"taxonomy":"post_tag","embeddable":true,"href":"https:\/\/iatse.net\/fr\/wp-json\/wp\/v2\/tags?post=4436"}],"curies":[{"name":"wp","href":"https:\/\/api.w.org\/{rel}","templated":true}]}}