  {"id":7539,"date":"2021-10-11T12:31:41","date_gmt":"2021-10-11T16:31:41","guid":{"rendered":"https:\/\/iatse.net\/?p=7539"},"modified":"2021-10-11T12:31:42","modified_gmt":"2021-10-11T16:31:42","slug":"commemorating-indigenous-peoples-day","status":"publish","type":"post","link":"https:\/\/iatse.net\/fr\/commemorating-indigenous-peoples-day\/","title":{"rendered":"Comm\u00e9moration de la Journ\u00e9e des peuples autochtones"},"content":{"rendered":"<p>La Journ\u00e9e des peuples autochtones r\u00e9imagine l'ancien nom de Columbus Day et passe d'une c\u00e9l\u00e9bration du colonialisme \u00e0 une occasion de r\u00e9fl\u00e9chir aux exp\u00e9riences et \u00e0 l'histoire des Am\u00e9rindiens et de r\u00e9v\u00e9ler une histoire plus exacte des \u00c9tats-Unis qui est enseign\u00e9e dans les \u00e9coles, les mus\u00e9es et les espaces publics. Pendant de nombreuses ann\u00e9es, le Columbus Day a \u00e9t\u00e9 un rappel douloureux du g\u00e9nocide, de l'oppression et de la violence que les peuples autochtones ont subis dans toute l'Am\u00e9rique aux mains des explorateurs et des colonisateurs europ\u00e9ens. Les ramifications de ces injustices sont encore visibles et ont un impact sur la vie des autochtones aujourd'hui.<\/p>\n\n\n\n<p>L'id\u00e9e de remplacer le Columbus Day par le Indigenous Peoples Day est n\u00e9e en 1977 lors de la \"Conf\u00e9rence internationale sur la discrimination \u00e0 l'\u00e9gard des populations autochtones des Am\u00e9riques\", parrain\u00e9e par les Nations unies et tenue \u00e0 Gen\u00e8ve, en Suisse. Quatorze ans plus tard, des militants de Berkeley, en Californie, ont convaincu le conseil municipal de Berkeley de d\u00e9clarer le 12 octobre \"Journ\u00e9e de solidarit\u00e9 avec les peuples autochtones\". Un mouvement visant \u00e0 faire du Columbus Day la Journ\u00e9e des peuples autochtones s'est d\u00e9velopp\u00e9 depuis, et de nombreux \u00c9tats ont officialis\u00e9 ce changement. Cette journ\u00e9e reconna\u00eet d\u00e9sormais que les autochtones sont les premiers habitants des Am\u00e9riques et encourage les Am\u00e9ricains \u00e0 r\u00e9\u00e9valuer leur histoire. C'est une journ\u00e9e pour s'organiser contre les injustices actuelles et pour c\u00e9l\u00e9brer la r\u00e9sistance des Am\u00e9rindiens.<\/p>\n\n\n\n<p>La Journ\u00e9e des peuples indig\u00e8nes est c\u00e9l\u00e9br\u00e9e le deuxi\u00e8me lundi d'octobre, le 11 octobre cette ann\u00e9e. Aujourd'hui, 14 \u00c9tats ainsi que le district de Columbia c\u00e9l\u00e8brent le Indigenous People's Day et non le Columbus Day. Parmi les moyens de c\u00e9l\u00e9brer cette journ\u00e9e, citons : la lecture de l'histoire ou de la litt\u00e9rature indig\u00e8ne, la participation \u00e0 un \u00e9v\u00e9nement organis\u00e9 par une organisation ou un groupe am\u00e9rindien, l'information sur les probl\u00e8mes auxquels les peuples indig\u00e8nes sont actuellement confront\u00e9s ou l'organisation de la projection d'un film indig\u00e8ne et d'une discussion.<\/p>\n\n\n\n<p>Le comit\u00e9 de la diversit\u00e9, de l'\u00e9quit\u00e9 et de l'inclusion de l'ºìÌÒÊÓÆµenvoie sa solidarit\u00e9 et son respect aux s\u0153urs, fr\u00e8res et parents indig\u00e8nes de notre grande alliance.<\/p>","protected":false},"excerpt":{"rendered":"<p>La Journ\u00e9e des peuples indig\u00e8nes est une r\u00e9impression de l'ancien Columbus Day, qui n'est plus une c\u00e9l\u00e9bration du colonialisme mais une occasion de r\u00e9fl\u00e9chir aux exp\u00e9riences et \u00e0 l'histoire des Am\u00e9rindiens et des [...].<\/p>","protected":false},"author":1,"featured_media":5589,"comment_status":"closed","ping_status":"closed","sticky":false,"template":"","format":"standard","meta":{"_acf_changed":false,"_monsterinsights_skip_tracking":false,"_monsterinsights_sitenote_active":false,"_monsterinsights_sitenote_note":"","_monsterinsights_sitenote_category":0,"footnotes":""},"categories":[8],"tags":[36],"yoast_head":"<!-- This site is optimized with the Yoast SEO plugin v23.5 - https:\/\/yoast.com\/wordpress\/plugins\/seo\/ -->\n<title>Commemorating Indigenous Peoples Day - IATSE<\/title>\n<meta name=\"robots\" content=\"index, follow, max-snippet:-1, max-image-preview:large, max-video-preview:-1\" \/>\n<link rel=\"canonical\" href=\"https:\/\/iatse.net\/fr\/commemorating-indigenous-peoples-day\/\" \/>\n<meta property=\"og:locale\" content=\"fr_CA\" \/>\n<meta property=\"og:type\" content=\"article\" \/>\n<meta property=\"og:title\" content=\"Commemorating Indigenous Peoples Day - IATSE\" \/>\n<meta property=\"og:description\" content=\"Indigenous People\u2019s Day reimagines the formerly named Columbus Day and shifts from a celebration of colonialism into an opportunity for reflection on the experiences and history of Native Americans and [&hellip;]\" \/>\n<meta property=\"og:url\" content=\"https:\/\/iatse.net\/fr\/commemorating-indigenous-peoples-day\/\" \/>\n<meta property=\"og:site_name\" content=\"IATSE\" \/>\n<meta property=\"article:published_time\" content=\"2021-10-11T16:31:41+00:00\" \/>\n<meta property=\"article:modified_time\" content=\"2021-10-11T16:31:42+00:00\" \/>\n<meta property=\"og:image\" content=\"https:\/\/iatse.net\/wp-content\/uploads\/2021\/07\/DEI-Collage-Banner-1.png\" \/>\n\t<meta property=\"og:image:width\" content=\"1012\" \/>\n\t<meta property=\"og:image:height\" content=\"512\" \/>\n\t<meta property=\"og:image:type\" content=\"image\/png\" \/>\n<meta name=\"author\" content=\"ºìÌÒÊÓÆµCommunications\" \/>\n<meta name=\"twitter:card\" content=\"summary_large_image\" \/>\n<meta name=\"twitter:label1\" content=\"\u00c9crit par\" \/>\n\t<meta name=\"twitter:data1\" content=\"ºìÌÒÊÓÆµCommunications\" \/>\n\t<meta name=\"twitter:label2\" content=\"Estimation du temps de lecture\" \/>\n\t<meta name=\"twitter:data2\" content=\"2 minutes\" \/>\n<script type=\"application\/ld+json\" class=\"yoast-schema-graph\">{\"@context\":\"https:\/\/schema.org\",\"@graph\":[{\"@type\":\"Article\",\"@id\":\"https:\/\/iatse.net\/commemorating-indigenous-peoples-day\/#article\",\"isPartOf\":{\"@id\":\"https:\/\/iatse.net\/commemorating-indigenous-peoples-day\/\"},\"author\":{\"name\":\"ºìÌÒÊÓÆµCommunications\",\"@id\":\"https:\/\/iatse.net\/#\/schema\/person\/0f70e66471ace00026b129e85eb44df0\"},\"headline\":\"Commemorating Indigenous Peoples Day\",\"datePublished\":\"2021-10-11T16:31:41+00:00\",\"dateModified\":\"2021-10-11T16:31:42+00:00\",\"mainEntityOfPage\":{\"@id\":\"https:\/\/iatse.net\/commemorating-indigenous-peoples-day\/\"},\"wordCount\":301,\"publisher\":{\"@id\":\"https:\/\/iatse.net\/#organization\"},\"image\":{\"@id\":\"https:\/\/iatse.net\/commemorating-indigenous-peoples-day\/#primaryimage\"},\"thumbnailUrl\":\"https:\/\/iatse.net\/wp-content\/uploads\/2021\/07\/DEI-Collage-Banner-1.png\",\"keywords\":[\"Diversity Equity Inclusion Committee\"],\"articleSection\":[\"News\"],\"inLanguage\":\"fr-CA\"},{\"@type\":\"WebPage\",\"@id\":\"https:\/\/iatse.net\/commemorating-indigenous-peoples-day\/\",\"url\":\"https:\/\/iatse.net\/commemorating-indigenous-peoples-day\/\",\"name\":\"Commemorating Indigenous Peoples Day - IATSE\",\"isPartOf\":{\"@id\":\"https:\/\/iatse.net\/#website\"},\"primaryImageOfPage\":{\"@id\":\"https:\/\/iatse.net\/commemorating-indigenous-peoples-day\/#primaryimage\"},\"image\":{\"@id\":\"https:\/\/iatse.net\/commemorating-indigenous-peoples-day\/#primaryimage\"},\"thumbnailUrl\":\"https:\/\/iatse.net\/wp-content\/uploads\/2021\/07\/DEI-Collage-Banner-1.png\",\"datePublished\":\"2021-10-11T16:31:41+00:00\",\"dateModified\":\"2021-10-11T16:31:42+00:00\",\"breadcrumb\":{\"@id\":\"https:\/\/iatse.net\/commemorating-indigenous-peoples-day\/#breadcrumb\"},\"inLanguage\":\"fr-CA\",\"potentialAction\":[{\"@type\":\"ReadAction\",\"target\":[\"https:\/\/iatse.net\/commemorating-indigenous-peoples-day\/\"]}]},{\"@type\":\"ImageObject\",\"inLanguage\":\"fr-CA\",\"@id\":\"https:\/\/iatse.net\/commemorating-indigenous-peoples-day\/#primaryimage\",\"url\":\"https:\/\/iatse.net\/wp-content\/uploads\/2021\/07\/DEI-Collage-Banner-1.png\",\"contentUrl\":\"https:\/\/iatse.net\/wp-content\/uploads\/2021\/07\/DEI-Collage-Banner-1.png\",\"width\":1012,\"height\":512,\"caption\":\"DEI Banner\"},{\"@type\":\"BreadcrumbList\",\"@id\":\"https:\/\/iatse.net\/commemorating-indigenous-peoples-day\/#breadcrumb\",\"itemListElement\":[{\"@type\":\"ListItem\",\"position\":1,\"name\":\"Home\",\"item\":\"https:\/\/iatse.net\/\"},{\"@type\":\"ListItem\",\"position\":2,\"name\":\"Commemorating Indigenous Peoples Day\"}]},{\"@type\":\"WebSite\",\"@id\":\"https:\/\/iatse.net\/#website\",\"url\":\"https:\/\/iatse.net\/\",\"name\":\"IATSE\",\"description\":\"The Union Behind Entertainment\",\"publisher\":{\"@id\":\"https:\/\/iatse.net\/#organization\"},\"potentialAction\":[{\"@type\":\"SearchAction\",\"target\":{\"@type\":\"EntryPoint\",\"urlTemplate\":\"https:\/\/iatse.net\/?s={search_term_string}\"},\"query-input\":{\"@type\":\"PropertyValueSpecification\",\"valueRequired\":true,\"valueName\":\"search_term_string\"}}],\"inLanguage\":\"fr-CA\"},{\"@type\":\"Organization\",\"@id\":\"https:\/\/iatse.net\/#organization\",\"name\":\"IATSE\",\"url\":\"https:\/\/iatse.net\/\",\"logo\":{\"@type\":\"ImageObject\",\"inLanguage\":\"fr-CA\",\"@id\":\"https:\/\/iatse.net\/#\/schema\/logo\/image\/\",\"url\":\"https:\/\/iatse.net\/wp-content\/uploads\/2021\/03\/IATSE_Logo_White.png\",\"contentUrl\":\"https:\/\/iatse.net\/wp-content\/uploads\/2021\/03\/IATSE_Logo_White.png\",\"width\":2100,\"height\":1987,\"caption\":\"IATSE\"},\"image\":{\"@id\":\"https:\/\/iatse.net\/#\/schema\/logo\/image\/\"}},{\"@type\":\"Person\",\"@id\":\"https:\/\/iatse.net\/#\/schema\/person\/0f70e66471ace00026b129e85eb44df0\",\"name\":\"ºìÌÒÊÓÆµCommunications\",\"image\":{\"@type\":\"ImageObject\",\"inLanguage\":\"fr-CA\",\"@id\":\"https:\/\/iatse.net\/#\/schema\/person\/image\/\",\"url\":\"https:\/\/secure.gravatar.com\/avatar\/35aecdeea9e9584c91ca1675b0997004?s=96&d=mm&r=g\",\"contentUrl\":\"https:\/\/secure.gravatar.com\/avatar\/35aecdeea9e9584c91ca1675b0997004?s=96&d=mm&r=g\",\"caption\":\"ºìÌÒÊÓÆµCommunications\"},\"sameAs\":[\"https:\/\/iatse.net\"],\"url\":\"https:\/\/iatse.net\/fr\/author\/communications\/\"}]}<\/script>\n<!-- \/ Yoast SEO plugin. -->","yoast_head_json":{"title":"Commemorating Indigenous Peoples Day - IATSE","robots":{"index":"index","follow":"follow","max-snippet":"max-snippet:-1","max-image-preview":"max-image-preview:large","max-video-preview":"max-video-preview:-1"},"canonical":"https:\/\/iatse.net\/fr\/commemorating-indigenous-peoples-day\/","og_locale":"fr_CA","og_type":"article","og_title":"Commemorating Indigenous Peoples Day - IATSE","og_description":"Indigenous People\u2019s Day reimagines the formerly named Columbus Day and shifts from a celebration of colonialism into an opportunity for reflection on the experiences and history of Native Americans and [&hellip;]","og_url":"https:\/\/iatse.net\/fr\/commemorating-indigenous-peoples-day\/","og_site_name":"IATSE","article_published_time":"2021-10-11T16:31:41+00:00","article_modified_time":"2021-10-11T16:31:42+00:00","og_image":[{"width":1012,"height":512,"url":"https:\/\/iatse.net\/wp-content\/uploads\/2021\/07\/DEI-Collage-Banner-1.png","type":"image\/png"}],"author":"ºìÌÒÊÓÆµCommunications","twitter_card":"summary_large_image","twitter_misc":{"\u00c9crit par":"ºìÌÒÊÓÆµCommunications","Estimation du temps de lecture":"2 minutes"},"schema":{"@context":"https:\/\/schema.org","@graph":[{"@type":"Article","@id":"https:\/\/iatse.net\/commemorating-indigenous-peoples-day\/#article","isPartOf":{"@id":"https:\/\/iatse.net\/commemorating-indigenous-peoples-day\/"},"author":{"name":"ºìÌÒÊÓÆµCommunications","@id":"https:\/\/iatse.net\/#\/schema\/person\/0f70e66471ace00026b129e85eb44df0"},"headline":"Commemorating Indigenous Peoples Day","datePublished":"2021-10-11T16:31:41+00:00","dateModified":"2021-10-11T16:31:42+00:00","mainEntityOfPage":{"@id":"https:\/\/iatse.net\/commemorating-indigenous-peoples-day\/"},"wordCount":301,"publisher":{"@id":"https:\/\/iatse.net\/#organization"},"image":{"@id":"https:\/\/iatse.net\/commemorating-indigenous-peoples-day\/#primaryimage"},"thumbnailUrl":"https:\/\/iatse.net\/wp-content\/uploads\/2021\/07\/DEI-Collage-Banner-1.png","keywords":["Diversity Equity Inclusion Committee"],"articleSection":["News"],"inLanguage":"fr-CA"},{"@type":"WebPage","@id":"https:\/\/iatse.net\/commemorating-indigenous-peoples-day\/","url":"https:\/\/iatse.net\/commemorating-indigenous-peoples-day\/","name":"Commemorating Indigenous Peoples Day - IATSE","isPartOf":{"@id":"https:\/\/iatse.net\/#website"},"primaryImageOfPage":{"@id":"https:\/\/iatse.net\/commemorating-indigenous-peoples-day\/#primaryimage"},"image":{"@id":"https:\/\/iatse.net\/commemorating-indigenous-peoples-day\/#primaryimage"},"thumbnailUrl":"https:\/\/iatse.net\/wp-content\/uploads\/2021\/07\/DEI-Collage-Banner-1.png","datePublished":"2021-10-11T16:31:41+00:00","dateModified":"2021-10-11T16:31:42+00:00","breadcrumb":{"@id":"https:\/\/iatse.net\/commemorating-indigenous-peoples-day\/#breadcrumb"},"inLanguage":"fr-CA","potentialAction":[{"@type":"ReadAction","target":["https:\/\/iatse.net\/commemorating-indigenous-peoples-day\/"]}]},{"@type":"ImageObject","inLanguage":"fr-CA","@id":"https:\/\/iatse.net\/commemorating-indigenous-peoples-day\/#primaryimage","url":"https:\/\/iatse.net\/wp-content\/uploads\/2021\/07\/DEI-Collage-Banner-1.png","contentUrl":"https:\/\/iatse.net\/wp-content\/uploads\/2021\/07\/DEI-Collage-Banner-1.png","width":1012,"height":512,"caption":"DEI Banner"},{"@type":"BreadcrumbList","@id":"https:\/\/iatse.net\/commemorating-indigenous-peoples-day\/#breadcrumb","itemListElement":[{"@type":"ListItem","position":1,"name":"Home","item":"https:\/\/iatse.net\/"},{"@type":"ListItem","position":2,"name":"Commemorating Indigenous Peoples Day"}]},{"@type":"WebSite","@id":"https:\/\/iatse.net\/#website","url":"https:\/\/iatse.net\/","name":"IATSE","description":"The Union Behind Entertainment","publisher":{"@id":"https:\/\/iatse.net\/#organization"},"potentialAction":[{"@type":"SearchAction","target":{"@type":"EntryPoint","urlTemplate":"https:\/\/iatse.net\/?s={search_term_string}"},"query-input":{"@type":"PropertyValueSpecification","valueRequired":true,"valueName":"search_term_string"}}],"inLanguage":"fr-CA"},{"@type":"Organization","@id":"https:\/\/iatse.net\/#organization","name":"IATSE","url":"https:\/\/iatse.net\/","logo":{"@type":"ImageObject","inLanguage":"fr-CA","@id":"https:\/\/iatse.net\/#\/schema\/logo\/image\/","url":"https:\/\/iatse.net\/wp-content\/uploads\/2021\/03\/IATSE_Logo_White.png","contentUrl":"https:\/\/iatse.net\/wp-content\/uploads\/2021\/03\/IATSE_Logo_White.png","width":2100,"height":1987,"caption":"IATSE"},"image":{"@id":"https:\/\/iatse.net\/#\/schema\/logo\/image\/"}},{"@type":"Person","@id":"https:\/\/iatse.net\/#\/schema\/person\/0f70e66471ace00026b129e85eb44df0","name":"ºìÌÒÊÓÆµCommunications","image":{"@type":"ImageObject","inLanguage":"fr-CA","@id":"https:\/\/iatse.net\/#\/schema\/person\/image\/","url":"https:\/\/secure.gravatar.com\/avatar\/35aecdeea9e9584c91ca1675b0997004?s=96&d=mm&r=g","contentUrl":"https:\/\/secure.gravatar.com\/avatar\/35aecdeea9e9584c91ca1675b0997004?s=96&d=mm&r=g","caption":"ºìÌÒÊÓÆµCommunications"},"sameAs":["https:\/\/iatse.net"],"url":"https:\/\/iatse.net\/fr\/author\/communications\/"}]}},"acf":[],"_links":{"self":[{"href":"https:\/\/iatse.net\/fr\/wp-json\/wp\/v2\/posts\/7539"}],"collection":[{"href":"https:\/\/iatse.net\/fr\/wp-json\/wp\/v2\/posts"}],"about":[{"href":"https:\/\/iatse.net\/fr\/wp-json\/wp\/v2\/types\/post"}],"author":[{"embeddable":true,"href":"https:\/\/iatse.net\/fr\/wp-json\/wp\/v2\/users\/1"}],"replies":[{"embeddable":true,"href":"https:\/\/iatse.net\/fr\/wp-json\/wp\/v2\/comments?post=7539"}],"version-history":[{"count":1,"href":"https:\/\/iatse.net\/fr\/wp-json\/wp\/v2\/posts\/7539\/revisions"}],"predecessor-version":[{"id":7540,"href":"https:\/\/iatse.net\/fr\/wp-json\/wp\/v2\/posts\/7539\/revisions\/7540"}],"wp:featuredmedia":[{"embeddable":true,"href":"https:\/\/iatse.net\/fr\/wp-json\/wp\/v2\/media\/5589"}],"wp:attachment":[{"href":"https:\/\/iatse.net\/fr\/wp-json\/wp\/v2\/media?parent=7539"}],"wp:term":[{"taxonomy":"category","embeddable":true,"href":"https:\/\/iatse.net\/fr\/wp-json\/wp\/v2\/categories?post=7539"},{"taxonomy":"post_tag","embeddable":true,"href":"https:\/\/iatse.net\/fr\/wp-json\/wp\/v2\/tags?post=7539"}],"curies":[{"name":"wp","href":"https:\/\/api.w.org\/{rel}","templated":true}]}}